{"id":20,"count":2,"description":"","link":"https:\/\/nelvaresort.com\/fr\/categorie-produit\/sin-categorizar\/","name":"non cat\u00e9goris\u00e9","slug":"sin-categorizar","taxonomy":"product_cat","parent":0,"meta":[],"yoast_head":"<!-- This site is optimized with the Yoast SEO plugin v26.6 - https:\/\/yoast.com\/wordpress\/plugins\/seo\/ -->\n<title>Sin categorizar archivos - Nelva Resort | Apartamentos en Menorca | Web Oficial<\/title>\n<meta name=\"description\" content=\"sin categorizar\" \/>\n<meta name=\"robots\" content=\"index, follow, max-snippet:-1, max-image-preview:large, max-video-preview:-1\" \/>\n<link rel=\"canonical\" href=\"https:\/\/nelvaresort.com\/fr\/categoria-producto\/sin-categorizar\/\" \/>\n<meta property=\"og:locale\" content=\"fr_FR\" \/>\n<meta property=\"og:type\" content=\"article\" \/>\n<meta property=\"og:title\" content=\"Sin categorizar archivos - Nelva Resort | Apartamentos en Menorca | Web Oficial\" \/>\n<meta property=\"og:description\" content=\"sin categorizar\" \/>\n<meta property=\"og:url\" content=\"https:\/\/nelvaresort.com\/fr\/categoria-producto\/sin-categorizar\/\" \/>\n<meta property=\"og:site_name\" content=\"Nelva Resort | Apartamentos en Menorca | Web Oficial\" \/>\n<meta property=\"og:image\" content=\"https:\/\/nelvaresort.com\/wp-content\/uploads\/2024\/02\/binibeca-vell-casa.jpg\" \/>\n\t<meta property=\"og:image:width\" content=\"900\" \/>\n\t<meta property=\"og:image:height\" content=\"599\" \/>\n\t<meta property=\"og:image:type\" content=\"image\/jpeg\" \/>\n<meta name=\"twitter:card\" content=\"summary_large_image\" \/>\n<script type=\"application\/ld+json\" class=\"yoast-schema-graph\">{\"@context\":\"https:\/\/schema.org\",\"@graph\":[{\"@type\":\"CollectionPage\",\"@id\":\"https:\/\/nelvaresort.com\/categoria-producto\/sin-categorizar\/\",\"url\":\"https:\/\/nelvaresort.com\/categoria-producto\/sin-categorizar\/\",\"name\":\"Sin categorizar archivos - Nelva Resort | Apartamentos en Menorca | Web Oficial\",\"isPartOf\":{\"@id\":\"https:\/\/nelvaresort.com\/#website\"},\"description\":\"sin categorizar\",\"breadcrumb\":{\"@id\":\"https:\/\/nelvaresort.com\/categoria-producto\/sin-categorizar\/#breadcrumb\"},\"inLanguage\":\"fr-FR\"},{\"@type\":\"BreadcrumbList\",\"@id\":\"https:\/\/nelvaresort.com\/categoria-producto\/sin-categorizar\/#breadcrumb\",\"itemListElement\":[{\"@type\":\"ListItem\",\"position\":1,\"name\":\"Portada\",\"item\":\"https:\/\/nelvaresort.com\/\"},{\"@type\":\"ListItem\",\"position\":2,\"name\":\"Sin categorizar\"}]},{\"@type\":\"WebSite\",\"@id\":\"https:\/\/nelvaresort.com\/#website\",\"url\":\"https:\/\/nelvaresort.com\/\",\"name\":\"Aparthotel en Menorca | Nelva Resort\",\"description\":\"Apartamentos en Menorca al mejor precio. Aparthotel ubicado en la playa de Cala\u2019n Porter de Menorca. Reserva aqu\u00ed.\",\"publisher\":{\"@id\":\"https:\/\/nelvaresort.com\/#organization\"},\"potentialAction\":[{\"@type\":\"SearchAction\",\"target\":{\"@type\":\"EntryPoint\",\"urlTemplate\":\"https:\/\/nelvaresort.com\/?s={search_term_string}\"},\"query-input\":{\"@type\":\"PropertyValueSpecification\",\"valueRequired\":true,\"valueName\":\"search_term_string\"}}],\"inLanguage\":\"fr-FR\"},{\"@type\":\"Organization\",\"@id\":\"https:\/\/nelvaresort.com\/#organization\",\"name\":\"Aparthotel en Menorca | Nelva Resort\",\"url\":\"https:\/\/nelvaresort.com\/\",\"logo\":{\"@type\":\"ImageObject\",\"inLanguage\":\"fr-FR\",\"@id\":\"https:\/\/nelvaresort.com\/#\/schema\/logo\/image\/\",\"url\":\"https:\/\/nelvaresort.com\/wp-content\/uploads\/2023\/06\/nelva-resort-logo.png\",\"contentUrl\":\"https:\/\/nelvaresort.com\/wp-content\/uploads\/2023\/06\/nelva-resort-logo.png\",\"width\":709,\"height\":709,\"caption\":\"Aparthotel en Menorca | Nelva Resort\"},\"image\":{\"@id\":\"https:\/\/nelvaresort.com\/#\/schema\/logo\/image\/\"},\"sameAs\":[\"https:\/\/www.facebook.com\/NelvaResortMenorca\",\"https:\/\/www.instagram.com\/nelvaresortmenorca\/\"]}]}<\/script>\n<!-- \/ Yoast SEO plugin. -->","yoast_head_json":{"title":"Fichiers non class\u00e9s - Nelva Resort | Appartements \u00e0 Minorque | Site officiel","description":"non cat\u00e9goris\u00e9","robots":{"index":"index","follow":"follow","max-snippet":"max-snippet:-1","max-image-preview":"max-image-preview:large","max-video-preview":"max-video-preview:-1"},"canonical":"https:\/\/nelvaresort.com\/fr\/categoria-producto\/sin-categorizar\/","og_locale":"fr_FR","og_type":"article","og_title":"Sin categorizar archivos - Nelva Resort | Apartamentos en Menorca | Web Oficial","og_description":"sin categorizar","og_url":"https:\/\/nelvaresort.com\/fr\/categoria-producto\/sin-categorizar\/","og_site_name":"Nelva Resort | Apartamentos en Menorca | Web Oficial","og_image":[{"width":900,"height":599,"url":"https:\/\/nelvaresort.com\/wp-content\/uploads\/2024\/02\/binibeca-vell-casa.jpg","type":"image\/jpeg"}],"twitter_card":"summary_large_image","schema":{"@context":"https:\/\/schema.org","@graph":[{"@type":"CollectionPage","@id":"https:\/\/nelvaresort.com\/categoria-producto\/sin-categorizar\/","url":"https:\/\/nelvaresort.com\/categoria-producto\/sin-categorizar\/","name":"Fichiers non class\u00e9s - Nelva Resort | Appartements \u00e0 Minorque | Site officiel","isPartOf":{"@id":"https:\/\/nelvaresort.com\/#website"},"description":"non cat\u00e9goris\u00e9","breadcrumb":{"@id":"https:\/\/nelvaresort.com\/categoria-producto\/sin-categorizar\/#breadcrumb"},"inLanguage":"fr-FR"},{"@type":"BreadcrumbList","@id":"https:\/\/nelvaresort.com\/categoria-producto\/sin-categorizar\/#breadcrumb","itemListElement":[{"@type":"ListItem","position":1,"name":"Portada","item":"https:\/\/nelvaresort.com\/"},{"@type":"ListItem","position":2,"name":"Sin categorizar"}]},{"@type":"WebSite","@id":"https:\/\/nelvaresort.com\/#website","url":"https:\/\/nelvaresort.com\/","name":"Appart-h\u00f4tel \u00e0 Minorque | H\u00f4tel Nelva","description":"Appartements \u00e0 Minorque au meilleur prix. Appart&#039;h\u00f4tel situ\u00e9 sur la plage de Cala&#039;n Porter \u00e0 Minorque. R\u00e9servez ici.","publisher":{"@id":"https:\/\/nelvaresort.com\/#organization"},"potentialAction":[{"@type":"SearchAction","target":{"@type":"EntryPoint","urlTemplate":"https:\/\/nelvaresort.com\/?s={search_term_string}"},"query-input":{"@type":"PropertyValueSpecification","valueRequired":true,"valueName":"search_term_string"}}],"inLanguage":"fr-FR"},{"@type":"Organization","@id":"https:\/\/nelvaresort.com\/#organization","name":"Appart-h\u00f4tel \u00e0 Minorque | H\u00f4tel Nelva","url":"https:\/\/nelvaresort.com\/","logo":{"@type":"ImageObject","inLanguage":"fr-FR","@id":"https:\/\/nelvaresort.com\/#\/schema\/logo\/image\/","url":"https:\/\/nelvaresort.com\/wp-content\/uploads\/2023\/06\/nelva-resort-logo.png","contentUrl":"https:\/\/nelvaresort.com\/wp-content\/uploads\/2023\/06\/nelva-resort-logo.png","width":709,"height":709,"caption":"Aparthotel en Menorca | Nelva Resort"},"image":{"@id":"https:\/\/nelvaresort.com\/#\/schema\/logo\/image\/"},"sameAs":["https:\/\/www.facebook.com\/NelvaResortMenorca","https:\/\/www.instagram.com\/nelvaresortmenorca\/"]}]}},"_links":{"self":[{"href":"https:\/\/nelvaresort.com\/fr\/wp-json\/wp\/v2\/product_cat\/20","targetHints":{"allow":["GET"]}}],"collection":[{"href":"https:\/\/nelvaresort.com\/fr\/wp-json\/wp\/v2\/product_cat"}],"about":[{"href":"https:\/\/nelvaresort.com\/fr\/wp-json\/wp\/v2\/taxonomies\/product_cat"}],"wp:post_type":[{"href":"https:\/\/nelvaresort.com\/fr\/wp-json\/wp\/v2\/product?product_cat=20"}],"curies":[{"name":"wp","href":"https:\/\/api.w.org\/{rel}","templated":true}]}}