{"id":3913,"date":"2024-06-06T15:31:19","date_gmt":"2024-06-06T15:31:19","guid":{"rendered":"https:\/\/nelvaresort.com\/?p=3913"},"modified":"2025-12-04T15:45:04","modified_gmt":"2025-12-04T15:45:04","slug":"menorca-fiestas-de-sant-joan","status":"publish","type":"post","link":"https:\/\/nelvaresort.com\/fr\/menorca-fiestas-de-sant-joan\/","title":{"rendered":"Minorque : F\u00eate de Sant Joan"},"content":{"rendered":"<div data-elementor-type=\"wp-post\" data-elementor-id=\"3913\" class=\"elementor elementor-3913\" data-elementor-post-type=\"post\">\n\t\t\t\t<div class=\"elementor-element elementor-element-463417c7 e-flex e-con-boxed e-con e-parent\" data-id=\"463417c7\" data-element_type=\"container\" data-e-type=\"container\">\n\t\t\t\t\t<div class=\"e-con-inner\">\n\t\t\t\t<div class=\"elementor-element elementor-element-2fce76d2 elementor-widget elementor-widget-text-editor\" data-id=\"2fce76d2\" data-element_type=\"widget\" data-e-type=\"widget\" data-widget_type=\"text-editor.default\">\n\t\t\t\t\t\t\t\t\t\n<h1 class=\"wp-block-heading\">Minorque : F\u00eate de Sant Joan<\/h1>\n\n<p>Vous avez probablement d\u00e9j\u00e0 entendu parler des festivit\u00e9s de Sant Joan \u00e0 Minorque. C&#039;est sans aucun doute une exp\u00e9rience merveilleuse, empreinte de beaut\u00e9 et de joie, et c&#039;est pourquoi des milliers de personnes du monde entier se rendent sur l&#039;\u00eele chaque ann\u00e9e \u00e0 cette p\u00e9riode pour ne rien manquer.<\/p>\n\n<figure class=\"wp-block-image aligncenter size-full is-resized\">\n<figure id=\"attachment_3941\" aria-describedby=\"caption-attachment-3941\" style=\"width: 1024px\" class=\"wp-caption alignnone\"><img loading=\"lazy\" decoding=\"async\" class=\"wp-image-3941\" style=\"width: 576px; height: auto;\" title=\"festivals de Minorque\" src=\"https:\/\/nelvaresort.com\/wp-content\/uploads\/2024\/06\/Menorca-4794r_FotoPRATSiCAMPS-15155301-e1639589429267-1024x604-1.jpg\" alt=\"festivals de Minorque\" width=\"1024\" height=\"604\" \/><figcaption id=\"caption-attachment-3941\" class=\"wp-caption-text\">festivals de Minorque<\/figcaption><\/figure>\n<figcaption class=\"wp-element-caption\">MINORQUE. F\u00eates patronales de Sant Bartomeu \u00e0 Ferreries. Jaleo avec cavalls et cavallers (\u00e9galement cadeaux) au Pla de l&#039;Esgl\u00e8sia, devant la Mairie. <br \/>PHOTO : \u00a9PRATS i CAMPS<\/figcaption>\n<\/figure>\n\n<p>Vous allez rater \u00e7a ? Vous ne devriez pas, car Sant Joan est une f\u00eate o\u00f9 tradition, musique et r\u00e9jouissances se conjuguent pour cr\u00e9er un spectacle unique qui vaut largement le d\u00e9tour \u00e0 Minorque.<\/p>\n\n<p>Au Nelva Resort, vous trouverez le refuge id\u00e9al pour vous d\u00e9tendre apr\u00e8s deux jours de festivit\u00e9s. Nos appartements et nos installations vous offriront tout le confort n\u00e9cessaire pour un s\u00e9jour inoubliable \u00e0 Minorque. Venez nous rendre visite, mais n&#039;attendez pas pour r\u00e9server sur notre site web, car ces dates sont tr\u00e8s demand\u00e9es\u00a0!<\/p>\n\n<h3 class=\"wp-block-heading\">Origines du festival :<\/h3>\n\n<p>Les origines de la f\u00eate de Sant Joan \u00e0 Ciutadella remontent \u00e0 sept si\u00e8cles, pr\u00e9cis\u00e9ment, lorsque les ouvriers locaux, \u00e0 cheval, effectuaient un p\u00e8lerinage de Ciutadella \u00e0 l&#039;ermitage de Sant Joan de Missa, collectant des dons. Aujourd&#039;hui, cette tradition est perp\u00e9tu\u00e9e, et les diff\u00e9rentes classes sociales de l&#039;\u00e9poque sont clairement repr\u00e9sent\u00e9es, chaque d\u00e9tail \u00e9tant scrupuleusement respect\u00e9. Ainsi, des cavaliers v\u00eatus du traditionnel costume de \u201c juste \u201d, m\u00ealant noir et blanc, mont\u00e9s pour la plupart sur des \u00e9talons de race minorquine, d\u00e9filent dans les rues de la ville.<\/p>\n\n<figure class=\"wp-block-image aligncenter size-full\"><img loading=\"lazy\" decoding=\"async\" width=\"500\" height=\"302\" class=\"wp-image-3920\" src=\"https:\/\/nelvaresort.com\/wp-content\/uploads\/2024\/06\/Jaleo-inici-s.-XX.jpg\" alt=\"\" \/><\/figure>\n\n<h3 class=\"wp-block-heading\">Les aspects les plus repr\u00e9sentatifs du Festival :<\/h3>\n\n<p>Nous avons tous vu ces magnifiques images des chevaux noirs se cabrant, dominant majestueusement la foule apr\u00e8s leur entr\u00e9e au galop sur la Pla\u00e7a del Born. L&#039;excitation est palpable\u00a0; les gens se pressent pour assister \u00e0 ce spectacle unique\u00a0: les chevaux font trois fois le tour de la place au son de la musique \u2013 c&#039;est le Caragol.<\/p>\n\n<figure class=\"wp-block-image aligncenter size-full\"><img loading=\"lazy\" decoding=\"async\" width=\"700\" height=\"350\" class=\"wp-image-3940\" src=\"https:\/\/nelvaresort.com\/wp-content\/uploads\/2024\/06\/fiestas_2.jpg\" alt=\"\" \/><\/figure>\n\n<p>C&#039;est l&#039;un des moments les plus impressionnants de tout le festival ; la force des chevaux, alli\u00e9e \u00e0 leur beaut\u00e9 et \u00e0 leur puissance, laisse tous les pr\u00e9sents sans voix.<\/p>\n\n<h3 class=\"wp-block-heading\">Prenez quelques jours :<\/h3>\n\n<p>Les festivit\u00e9s durent quelques jours, alors prenez note et r\u00e9servez-en quelques-uns dans votre calendrier pour venir \u00e0 Minorque et en profiter avec nous.<\/p>\n\n<p>Le premier \u00e9v\u00e9nement se d\u00e9roule \u00e0 Ciutadella le samedi pr\u00e9c\u00e9dant la Saint-Jean\u00a0: <strong>La Vetlla des Be, suivie de Dia des Be.<\/strong> Durant ces deux jours, l&#039;attraction principale est un agneau blanc, veill\u00e9 avec soin le samedi et port\u00e9 en procession dans les rues de Ciutadella sur le dos de l&#039;Homme aux pieds nus le dimanche. C&#039;est ainsi que d\u00e9butent officiellement les festivit\u00e9s uniques de Ciutadella.<\/p>\n\n<figure class=\"wp-block-image aligncenter size-full\"><img loading=\"lazy\" decoding=\"async\" width=\"488\" height=\"321\" class=\"wp-image-3944\" src=\"https:\/\/nelvaresort.com\/wp-content\/uploads\/2024\/06\/unnamed-3.jpg\" alt=\"\" \/><\/figure>\n\n<p>Outre le Caragol, que nous avons d\u00e9j\u00e0 mentionn\u00e9, les chevaux restent l&#039;attraction principale ces jours-ci. Il est donc essentiel d&#039;\u00eatre \u00e0 Ciutadella le 24 juin \u00e9galement. Cavaliers et montures participeront \u00e0 plusieurs activit\u00e9s \u00e0 ne pas manquer, connues sous le nom de Jocs des Pla (Jeux des Plaines). Parmi elles, les Carotadas, un jeu o\u00f9 un cavalier tient un masque que l&#039;autre tente de briser en lan\u00e7ant une pierre, et le Joc de la Ensortilla (Jeu de l&#039;Anneau), o\u00f9 des chevaliers, arm\u00e9s de lances, essaient de toucher un anneau suspendu \u00e0 un c\u00e2ble.<\/p>\n\n<figure class=\"wp-block-image aligncenter size-full is-resized\"><img loading=\"lazy\" decoding=\"async\" width=\"770\" height=\"474\" class=\"wp-image-3922\" style=\"width: 548px; height: auto;\" src=\"https:\/\/nelvaresort.com\/wp-content\/uploads\/2024\/06\/Jocs-Des-Pla-menorca.jpg\" alt=\"\" \/><\/figure>\n\n<p>Ciutadella est par\u00e9e de ses plus beaux atours\u00a0; rires, applaudissements, cris d\u2019admiration et le cliquetis des sabots des chevaux sur les pav\u00e9s emplissent l\u2019air. Sant Joan est sans conteste une f\u00eate grandiose \u00e0 Minorque, et c\u2019est pourquoi vous ne pouvez pas manquer l\u2019occasion de la c\u00e9l\u00e9brer avec nous.<\/p>\n\n<p>\u00c0 l&#039;h\u00f4tel Nelva, vous trouverez l&#039;endroit id\u00e9al pour passer vos vacances. L&#039;atmosph\u00e8re d\u00e9tendue et nos installations spacieuses et confortables apporteront la touche finale parfaite \u00e0 votre s\u00e9jour. D\u00e9tendez-vous et prenez quelques jours de cong\u00e9 pour profiter de Minorque, du soleil et de sa vie nocturne anim\u00e9e. .<\/p>\n\n<p>R\u00e9servez d\u00e8s maintenant, choisissez parmi nos appartements enti\u00e8rement \u00e9quip\u00e9s d&#039;une ou deux chambres, d\u00e9tendez-vous dans notre spacieuse piscine et admirez la vue imprenable.<\/p>\n\n<figure class=\"wp-block-image aligncenter size-full is-resized\"><img loading=\"lazy\" decoding=\"async\" width=\"1600\" height=\"1200\" class=\"wp-image-3710\" style=\"width: 529px; height: auto;\" src=\"https:\/\/nelvaresort.com\/wp-content\/uploads\/2024\/02\/d5413948-6a18-4472-bb8a-6a2461dae275.jpg\" alt=\"\" \/><\/figure>\n\n<p>Nous vous attendons !<\/p>\n\t\t\t\t\t\t\t\t<\/div>\n\t\t\t\t\t<\/div>\n\t\t\t\t<\/div>\n\t\t\t\t<\/div>","protected":false},"excerpt":{"rendered":"<p>Menorca : Fiestas de Sant Joan Seguro que alguna vez habr\u00e1s o\u00eddo o le\u00eddo acerca de las fiestas de Sant Joan en Menorca. Son, sin duda, algo maravilloso, lleno de belleza y de alegr\u00eda, y es por ello que miles de persona de todas partes del mundo se acercan a la isla en estas fechas [&hellip;]<\/p>\n","protected":false},"author":2,"featured_media":3916,"comment_status":"closed","ping_status":"closed","sticky":false,"template":"","format":"standard","meta":{"site-sidebar-layout":"default","site-content-layout":"","ast-site-content-layout":"default","site-content-style":"default","site-sidebar-style":"default","ast-global-header-display":"","ast-banner-title-visibility":"","ast-main-header-display":"","ast-hfb-above-header-display":"","ast-hfb-below-header-display":"","ast-hfb-mobile-header-display":"","site-post-title":"disabled","ast-breadcrumbs-content":"","ast-featured-img":"disabled","footer-sml-layout":"","theme-transparent-header-meta":"","adv-header-id-meta":"","stick-header-meta":"","header-above-stick-meta":"","header-main-stick-meta":"","header-below-stick-meta":"","astra-migrate-meta-layouts":"set","ast-page-background-enabled":"default","ast-page-background-meta":{"desktop":{"background-color":"","background-image":"","background-repeat":"repeat","background-position":"center center","background-size":"auto","background-attachment":"scroll","background-type":"","background-media":"","overlay-type":"","overlay-color":"","overlay-opacity":"","overlay-gradient":""},"tablet":{"background-color":"","background-image":"","background-repeat":"repeat","background-position":"center center","background-size":"auto","background-attachment":"scroll","background-type":"","background-media":"","overlay-type":"","overlay-color":"","overlay-opacity":"","overlay-gradient":""},"mobile":{"background-color":"","background-image":"","background-repeat":"repeat","background-position":"center center","background-size":"auto","background-attachment":"scroll","background-type":"","background-media":"","overlay-type":"","overlay-color":"","overlay-opacity":"","overlay-gradient":""}},"ast-content-background-meta":{"desktop":{"background-color":"var(--ast-global-color-5)","background-image":"","background-repeat":"repeat","background-position":"center center","background-size":"auto","background-attachment":"scroll","background-type":"","background-media":"","overlay-type":"","overlay-color":"","overlay-opacity":"","overlay-gradient":""},"tablet":{"background-color":"var(--ast-global-color-5)","background-image":"","background-repeat":"repeat","background-position":"center center","background-size":"auto","background-attachment":"scroll","background-type":"","background-media":"","overlay-type":"","overlay-color":"","overlay-opacity":"","overlay-gradient":""},"mobile":{"background-color":"var(--ast-global-color-5)","background-image":"","background-repeat":"repeat","background-position":"center center","background-size":"auto","background-attachment":"scroll","background-type":"","background-media":"","overlay-type":"","overlay-color":"","overlay-opacity":"","overlay-gradient":""}},"footnotes":""},"categories":[46],"tags":[],"class_list":["post-3913","post","type-post","status-publish","format-standard","has-post-thumbnail","hentry","category-fiestas-y-tradicion"],"yoast_head":"<!-- This site is optimized with the Yoast SEO plugin v26.6 - https:\/\/yoast.com\/wordpress\/plugins\/seo\/ -->\n<title>Menorca : Fiestas de Sant Joan | Aparthotel en Menorca<\/title>\n<meta name=\"description\" content=\"Descubre las Fiestas de Sant Joan en Menorca: caballos, tradici\u00f3n, m\u00fasica y ambiente \u00fanico en Ciutadella. Una celebraci\u00f3n imprescindible cerca de Nelva Resort.\" \/>\n<meta name=\"robots\" content=\"index, follow, max-snippet:-1, max-image-preview:large, max-video-preview:-1\" \/>\n<link rel=\"canonical\" href=\"https:\/\/nelvaresort.com\/fr\/menorca-fiestas-de-sant-joan\/\" \/>\n<meta property=\"og:locale\" content=\"fr_FR\" \/>\n<meta property=\"og:type\" content=\"article\" \/>\n<meta property=\"og:title\" content=\"Menorca : Fiestas de Sant Joan | Aparthotel en Menorca\" \/>\n<meta property=\"og:description\" content=\"Descubre las Fiestas de Sant Joan en Menorca: caballos, tradici\u00f3n, m\u00fasica y ambiente \u00fanico en Ciutadella. Una celebraci\u00f3n imprescindible cerca de Nelva Resort.\" \/>\n<meta property=\"og:url\" content=\"https:\/\/nelvaresort.com\/fr\/menorca-fiestas-de-sant-joan\/\" \/>\n<meta property=\"og:site_name\" content=\"Nelva Resort | Apartamentos en Menorca | Web Oficial\" \/>\n<meta property=\"article:publisher\" content=\"https:\/\/www.facebook.com\/NelvaResortMenorca\" \/>\n<meta property=\"article:published_time\" content=\"2024-06-06T15:31:19+00:00\" \/>\n<meta property=\"article:modified_time\" content=\"2025-12-04T15:45:04+00:00\" \/>\n<meta property=\"og:image\" content=\"https:\/\/nelvaresort.com\/wp-content\/uploads\/2024\/06\/EsMercdal_SantMarti_Jaleo_DSCN3853_T600.jpg\" \/>\n\t<meta property=\"og:image:width\" content=\"600\" \/>\n\t<meta property=\"og:image:height\" content=\"400\" \/>\n\t<meta property=\"og:image:type\" content=\"image\/jpeg\" \/>\n<meta name=\"author\" content=\"LittHotels\" \/>\n<meta name=\"twitter:card\" content=\"summary_large_image\" \/>\n<meta name=\"twitter:label1\" content=\"\u00c9crit par\" \/>\n\t<meta name=\"twitter:data1\" content=\"LittHotels\" \/>\n\t<meta name=\"twitter:label2\" content=\"Dur\u00e9e de lecture estim\u00e9e\" \/>\n\t<meta name=\"twitter:data2\" content=\"5 minutes\" \/>\n<script type=\"application\/ld+json\" class=\"yoast-schema-graph\">{\"@context\":\"https:\/\/schema.org\",\"@graph\":[{\"@type\":\"Article\",\"@id\":\"https:\/\/nelvaresort.com\/menorca-fiestas-de-sant-joan\/#article\",\"isPartOf\":{\"@id\":\"https:\/\/nelvaresort.com\/menorca-fiestas-de-sant-joan\/\"},\"author\":{\"name\":\"LittHotels\",\"@id\":\"https:\/\/nelvaresort.com\/#\/schema\/person\/2e2c82831605b5d1dc065c510182b7ef\"},\"headline\":\"Menorca : Fiestas de Sant Joan\",\"datePublished\":\"2024-06-06T15:31:19+00:00\",\"dateModified\":\"2025-12-04T15:45:04+00:00\",\"mainEntityOfPage\":{\"@id\":\"https:\/\/nelvaresort.com\/menorca-fiestas-de-sant-joan\/\"},\"wordCount\":783,\"publisher\":{\"@id\":\"https:\/\/nelvaresort.com\/#organization\"},\"image\":{\"@id\":\"https:\/\/nelvaresort.com\/menorca-fiestas-de-sant-joan\/#primaryimage\"},\"thumbnailUrl\":\"https:\/\/nelvaresort.com\/wp-content\/uploads\/2024\/06\/EsMercdal_SantMarti_Jaleo_DSCN3853_T600.jpg\",\"articleSection\":[\"fiestas y tradicion\"],\"inLanguage\":\"fr-FR\"},{\"@type\":\"WebPage\",\"@id\":\"https:\/\/nelvaresort.com\/menorca-fiestas-de-sant-joan\/\",\"url\":\"https:\/\/nelvaresort.com\/menorca-fiestas-de-sant-joan\/\",\"name\":\"Menorca : Fiestas de Sant Joan | Aparthotel en Menorca\",\"isPartOf\":{\"@id\":\"https:\/\/nelvaresort.com\/#website\"},\"primaryImageOfPage\":{\"@id\":\"https:\/\/nelvaresort.com\/menorca-fiestas-de-sant-joan\/#primaryimage\"},\"image\":{\"@id\":\"https:\/\/nelvaresort.com\/menorca-fiestas-de-sant-joan\/#primaryimage\"},\"thumbnailUrl\":\"https:\/\/nelvaresort.com\/wp-content\/uploads\/2024\/06\/EsMercdal_SantMarti_Jaleo_DSCN3853_T600.jpg\",\"datePublished\":\"2024-06-06T15:31:19+00:00\",\"dateModified\":\"2025-12-04T15:45:04+00:00\",\"description\":\"Descubre las Fiestas de Sant Joan en Menorca: caballos, tradici\u00f3n, m\u00fasica y ambiente \u00fanico en Ciutadella. Una celebraci\u00f3n imprescindible cerca de Nelva Resort.\",\"breadcrumb\":{\"@id\":\"https:\/\/nelvaresort.com\/menorca-fiestas-de-sant-joan\/#breadcrumb\"},\"inLanguage\":\"fr-FR\",\"potentialAction\":[{\"@type\":\"ReadAction\",\"target\":[\"https:\/\/nelvaresort.com\/menorca-fiestas-de-sant-joan\/\"]}]},{\"@type\":\"ImageObject\",\"inLanguage\":\"fr-FR\",\"@id\":\"https:\/\/nelvaresort.com\/menorca-fiestas-de-sant-joan\/#primaryimage\",\"url\":\"https:\/\/nelvaresort.com\/wp-content\/uploads\/2024\/06\/EsMercdal_SantMarti_Jaleo_DSCN3853_T600.jpg\",\"contentUrl\":\"https:\/\/nelvaresort.com\/wp-content\/uploads\/2024\/06\/EsMercdal_SantMarti_Jaleo_DSCN3853_T600.jpg\",\"width\":600,\"height\":400},{\"@type\":\"BreadcrumbList\",\"@id\":\"https:\/\/nelvaresort.com\/menorca-fiestas-de-sant-joan\/#breadcrumb\",\"itemListElement\":[{\"@type\":\"ListItem\",\"position\":1,\"name\":\"Portada\",\"item\":\"https:\/\/nelvaresort.com\/\"},{\"@type\":\"ListItem\",\"position\":2,\"name\":\"Menorca : Fiestas de Sant Joan\"}]},{\"@type\":\"WebSite\",\"@id\":\"https:\/\/nelvaresort.com\/#website\",\"url\":\"https:\/\/nelvaresort.com\/\",\"name\":\"Aparthotel en Menorca | Nelva Resort\",\"description\":\"Apartamentos en Menorca al mejor precio. Aparthotel ubicado en la playa de Cala\u2019n Porter de Menorca. Reserva aqu\u00ed.\",\"publisher\":{\"@id\":\"https:\/\/nelvaresort.com\/#organization\"},\"potentialAction\":[{\"@type\":\"SearchAction\",\"target\":{\"@type\":\"EntryPoint\",\"urlTemplate\":\"https:\/\/nelvaresort.com\/?s={search_term_string}\"},\"query-input\":{\"@type\":\"PropertyValueSpecification\",\"valueRequired\":true,\"valueName\":\"search_term_string\"}}],\"inLanguage\":\"fr-FR\"},{\"@type\":\"Organization\",\"@id\":\"https:\/\/nelvaresort.com\/#organization\",\"name\":\"Aparthotel en Menorca | Nelva Resort\",\"url\":\"https:\/\/nelvaresort.com\/\",\"logo\":{\"@type\":\"ImageObject\",\"inLanguage\":\"fr-FR\",\"@id\":\"https:\/\/nelvaresort.com\/#\/schema\/logo\/image\/\",\"url\":\"https:\/\/nelvaresort.com\/wp-content\/uploads\/2023\/06\/nelva-resort-logo.png\",\"contentUrl\":\"https:\/\/nelvaresort.com\/wp-content\/uploads\/2023\/06\/nelva-resort-logo.png\",\"width\":709,\"height\":709,\"caption\":\"Aparthotel en Menorca | Nelva Resort\"},\"image\":{\"@id\":\"https:\/\/nelvaresort.com\/#\/schema\/logo\/image\/\"},\"sameAs\":[\"https:\/\/www.facebook.com\/NelvaResortMenorca\",\"https:\/\/www.instagram.com\/nelvaresortmenorca\/\"]},{\"@type\":\"Person\",\"@id\":\"https:\/\/nelvaresort.com\/#\/schema\/person\/2e2c82831605b5d1dc065c510182b7ef\",\"name\":\"LittHotels\",\"image\":{\"@type\":\"ImageObject\",\"inLanguage\":\"fr-FR\",\"@id\":\"https:\/\/nelvaresort.com\/#\/schema\/person\/image\/\",\"url\":\"https:\/\/nelvaresort.com\/wp-content\/litespeed\/avatar\/f3cbe4ac27ac09ddf4fbb6c176eac63f.jpg?ver=1777578004\",\"contentUrl\":\"https:\/\/nelvaresort.com\/wp-content\/litespeed\/avatar\/f3cbe4ac27ac09ddf4fbb6c176eac63f.jpg?ver=1777578004\",\"caption\":\"LittHotels\"}}]}<\/script>\n<!-- \/ Yoast SEO plugin. -->","yoast_head_json":{"title":"Minorque : F\u00eate de Sant Joan | Appart&#039;h\u00f4tel \u00e0 Minorque","description":"D\u00e9couvrez les festivit\u00e9s de Sant Joan \u00e0 Minorque\u00a0: chevaux, traditions, musique et une ambiance unique \u00e0 Ciutadella. Une c\u00e9l\u00e9bration incontournable pr\u00e8s du Nelva Resort.","robots":{"index":"index","follow":"follow","max-snippet":"max-snippet:-1","max-image-preview":"max-image-preview:large","max-video-preview":"max-video-preview:-1"},"canonical":"https:\/\/nelvaresort.com\/fr\/menorca-fiestas-de-sant-joan\/","og_locale":"fr_FR","og_type":"article","og_title":"Menorca : Fiestas de Sant Joan | Aparthotel en Menorca","og_description":"Descubre las Fiestas de Sant Joan en Menorca: caballos, tradici\u00f3n, m\u00fasica y ambiente \u00fanico en Ciutadella. Una celebraci\u00f3n imprescindible cerca de Nelva Resort.","og_url":"https:\/\/nelvaresort.com\/fr\/menorca-fiestas-de-sant-joan\/","og_site_name":"Nelva Resort | Apartamentos en Menorca | Web Oficial","article_publisher":"https:\/\/www.facebook.com\/NelvaResortMenorca","article_published_time":"2024-06-06T15:31:19+00:00","article_modified_time":"2025-12-04T15:45:04+00:00","og_image":[{"width":600,"height":400,"url":"https:\/\/nelvaresort.com\/wp-content\/uploads\/2024\/06\/EsMercdal_SantMarti_Jaleo_DSCN3853_T600.jpg","type":"image\/jpeg"}],"author":"LittHotels","twitter_card":"summary_large_image","twitter_misc":{"\u00c9crit par":"LittHotels","Dur\u00e9e de lecture estim\u00e9e":"5 minutes"},"schema":{"@context":"https:\/\/schema.org","@graph":[{"@type":"Article","@id":"https:\/\/nelvaresort.com\/menorca-fiestas-de-sant-joan\/#article","isPartOf":{"@id":"https:\/\/nelvaresort.com\/menorca-fiestas-de-sant-joan\/"},"author":{"name":"LittHotels","@id":"https:\/\/nelvaresort.com\/#\/schema\/person\/2e2c82831605b5d1dc065c510182b7ef"},"headline":"Menorca : Fiestas de Sant Joan","datePublished":"2024-06-06T15:31:19+00:00","dateModified":"2025-12-04T15:45:04+00:00","mainEntityOfPage":{"@id":"https:\/\/nelvaresort.com\/menorca-fiestas-de-sant-joan\/"},"wordCount":783,"publisher":{"@id":"https:\/\/nelvaresort.com\/#organization"},"image":{"@id":"https:\/\/nelvaresort.com\/menorca-fiestas-de-sant-joan\/#primaryimage"},"thumbnailUrl":"https:\/\/nelvaresort.com\/wp-content\/uploads\/2024\/06\/EsMercdal_SantMarti_Jaleo_DSCN3853_T600.jpg","articleSection":["fiestas y tradicion"],"inLanguage":"fr-FR"},{"@type":"WebPage","@id":"https:\/\/nelvaresort.com\/menorca-fiestas-de-sant-joan\/","url":"https:\/\/nelvaresort.com\/menorca-fiestas-de-sant-joan\/","name":"Minorque : F\u00eate de Sant Joan | Appart&#039;h\u00f4tel \u00e0 Minorque","isPartOf":{"@id":"https:\/\/nelvaresort.com\/#website"},"primaryImageOfPage":{"@id":"https:\/\/nelvaresort.com\/menorca-fiestas-de-sant-joan\/#primaryimage"},"image":{"@id":"https:\/\/nelvaresort.com\/menorca-fiestas-de-sant-joan\/#primaryimage"},"thumbnailUrl":"https:\/\/nelvaresort.com\/wp-content\/uploads\/2024\/06\/EsMercdal_SantMarti_Jaleo_DSCN3853_T600.jpg","datePublished":"2024-06-06T15:31:19+00:00","dateModified":"2025-12-04T15:45:04+00:00","description":"D\u00e9couvrez les festivit\u00e9s de Sant Joan \u00e0 Minorque\u00a0: chevaux, traditions, musique et une ambiance unique \u00e0 Ciutadella. Une c\u00e9l\u00e9bration incontournable pr\u00e8s du Nelva Resort.","breadcrumb":{"@id":"https:\/\/nelvaresort.com\/menorca-fiestas-de-sant-joan\/#breadcrumb"},"inLanguage":"fr-FR","potentialAction":[{"@type":"ReadAction","target":["https:\/\/nelvaresort.com\/menorca-fiestas-de-sant-joan\/"]}]},{"@type":"ImageObject","inLanguage":"fr-FR","@id":"https:\/\/nelvaresort.com\/menorca-fiestas-de-sant-joan\/#primaryimage","url":"https:\/\/nelvaresort.com\/wp-content\/uploads\/2024\/06\/EsMercdal_SantMarti_Jaleo_DSCN3853_T600.jpg","contentUrl":"https:\/\/nelvaresort.com\/wp-content\/uploads\/2024\/06\/EsMercdal_SantMarti_Jaleo_DSCN3853_T600.jpg","width":600,"height":400},{"@type":"BreadcrumbList","@id":"https:\/\/nelvaresort.com\/menorca-fiestas-de-sant-joan\/#breadcrumb","itemListElement":[{"@type":"ListItem","position":1,"name":"Portada","item":"https:\/\/nelvaresort.com\/"},{"@type":"ListItem","position":2,"name":"Menorca : Fiestas de Sant Joan"}]},{"@type":"WebSite","@id":"https:\/\/nelvaresort.com\/#website","url":"https:\/\/nelvaresort.com\/","name":"Appart-h\u00f4tel \u00e0 Minorque | H\u00f4tel Nelva","description":"Appartements \u00e0 Minorque au meilleur prix. Appart&#039;h\u00f4tel situ\u00e9 sur la plage de Cala&#039;n Porter \u00e0 Minorque. R\u00e9servez ici.","publisher":{"@id":"https:\/\/nelvaresort.com\/#organization"},"potentialAction":[{"@type":"SearchAction","target":{"@type":"EntryPoint","urlTemplate":"https:\/\/nelvaresort.com\/?s={search_term_string}"},"query-input":{"@type":"PropertyValueSpecification","valueRequired":true,"valueName":"search_term_string"}}],"inLanguage":"fr-FR"},{"@type":"Organization","@id":"https:\/\/nelvaresort.com\/#organization","name":"Appart-h\u00f4tel \u00e0 Minorque | H\u00f4tel Nelva","url":"https:\/\/nelvaresort.com\/","logo":{"@type":"ImageObject","inLanguage":"fr-FR","@id":"https:\/\/nelvaresort.com\/#\/schema\/logo\/image\/","url":"https:\/\/nelvaresort.com\/wp-content\/uploads\/2023\/06\/nelva-resort-logo.png","contentUrl":"https:\/\/nelvaresort.com\/wp-content\/uploads\/2023\/06\/nelva-resort-logo.png","width":709,"height":709,"caption":"Aparthotel en Menorca | Nelva Resort"},"image":{"@id":"https:\/\/nelvaresort.com\/#\/schema\/logo\/image\/"},"sameAs":["https:\/\/www.facebook.com\/NelvaResortMenorca","https:\/\/www.instagram.com\/nelvaresortmenorca\/"]},{"@type":"Person","@id":"https:\/\/nelvaresort.com\/#\/schema\/person\/2e2c82831605b5d1dc065c510182b7ef","name":"LittHotels","image":{"@type":"ImageObject","inLanguage":"fr-FR","@id":"https:\/\/nelvaresort.com\/#\/schema\/person\/image\/","url":"https:\/\/nelvaresort.com\/wp-content\/litespeed\/avatar\/f3cbe4ac27ac09ddf4fbb6c176eac63f.jpg?ver=1777578004","contentUrl":"https:\/\/nelvaresort.com\/wp-content\/litespeed\/avatar\/f3cbe4ac27ac09ddf4fbb6c176eac63f.jpg?ver=1777578004","caption":"LittHotels"}}]}},"_links":{"self":[{"href":"https:\/\/nelvaresort.com\/fr\/wp-json\/wp\/v2\/posts\/3913","targetHints":{"allow":["GET"]}}],"collection":[{"href":"https:\/\/nelvaresort.com\/fr\/wp-json\/wp\/v2\/posts"}],"about":[{"href":"https:\/\/nelvaresort.com\/fr\/wp-json\/wp\/v2\/types\/post"}],"author":[{"embeddable":true,"href":"https:\/\/nelvaresort.com\/fr\/wp-json\/wp\/v2\/users\/2"}],"replies":[{"embeddable":true,"href":"https:\/\/nelvaresort.com\/fr\/wp-json\/wp\/v2\/comments?post=3913"}],"version-history":[{"count":6,"href":"https:\/\/nelvaresort.com\/fr\/wp-json\/wp\/v2\/posts\/3913\/revisions"}],"predecessor-version":[{"id":4368,"href":"https:\/\/nelvaresort.com\/fr\/wp-json\/wp\/v2\/posts\/3913\/revisions\/4368"}],"wp:featuredmedia":[{"embeddable":true,"href":"https:\/\/nelvaresort.com\/fr\/wp-json\/wp\/v2\/media\/3916"}],"wp:attachment":[{"href":"https:\/\/nelvaresort.com\/fr\/wp-json\/wp\/v2\/media?parent=3913"}],"wp:term":[{"taxonomy":"category","embeddable":true,"href":"https:\/\/nelvaresort.com\/fr\/wp-json\/wp\/v2\/categories?post=3913"},{"taxonomy":"post_tag","embeddable":true,"href":"https:\/\/nelvaresort.com\/fr\/wp-json\/wp\/v2\/tags?post=3913"}],"curies":[{"name":"wp","href":"https:\/\/api.w.org\/{rel}","templated":true}]}}