{"id":3695,"date":"2024-02-20T18:52:02","date_gmt":"2024-02-20T18:52:02","guid":{"rendered":"https:\/\/nelvaresort.com\/?p=3695"},"modified":"2025-12-04T15:46:29","modified_gmt":"2025-12-04T15:46:29","slug":"ruta-de-4-dias-en-menorca","status":"publish","type":"post","link":"https:\/\/nelvaresort.com\/fr\/ruta-de-4-dias-en-menorca\/","title":{"rendered":"Itin\u00e9raire de 4 jours \u00e0 Minorque"},"content":{"rendered":"<div data-elementor-type=\"wp-post\" data-elementor-id=\"3695\" class=\"elementor elementor-3695\" data-elementor-post-type=\"post\">\n\t\t\t\t<div class=\"elementor-element elementor-element-2d73cdf6 e-flex e-con-boxed e-con e-parent\" data-id=\"2d73cdf6\" data-element_type=\"container\" data-e-type=\"container\">\n\t\t\t\t\t<div class=\"e-con-inner\">\n\t\t\t\t<div class=\"elementor-element elementor-element-1a1ab188 elementor-widget elementor-widget-text-editor\" data-id=\"1a1ab188\" data-element_type=\"widget\" data-e-type=\"widget\" data-widget_type=\"text-editor.default\">\n\t\t\t\t\t\t\t\t\t\n<h1 class=\"wp-block-heading\">Itin\u00e9raire de 4 jours \u00e0 Minorque<\/h1>\n\n<h2 class=\"wp-block-heading\">Jour 1 : Mah\u00f3n et Ciutadella<\/h2>\n\n<p>Demain\u00a0: Commencez votre journ\u00e9e \u00e0 Mah\u00f3n, la capitale de Minorque. Visitez le port de Mah\u00f3n, l\u2019un des plus grands ports naturels au monde. Fl\u00e2nez dans la vieille ville et visitez l\u2019\u00e9glise Santa Mar\u00eda et l\u2019\u00e9glise du Carmen.<\/p>\n\n<figure class=\"wp-block-image aligncenter size-full is-resized\">\n<figure id=\"attachment_3713\" aria-describedby=\"caption-attachment-3713\" style=\"width: 1800px\" class=\"wp-caption alignnone\"><img loading=\"lazy\" decoding=\"async\" class=\"wp-image-3713\" style=\"aspect-ratio: 1.3333333333333333; object-fit: cover; width: 540px; height: auto;\" src=\"https:\/\/nelvaresort.com\/wp-content\/uploads\/2024\/02\/que-ver-en-mahon.jpg\" alt=\"Choses \u00e0 Minorque\" width=\"1800\" height=\"1075\" \/><figcaption id=\"caption-attachment-3713\" class=\"wp-caption-text\">Choses \u00e0 Minorque<\/figcaption><\/figure>\n<\/figure>\n\n<p>Apr\u00e8s-midi\u00a0: Apr\u00e8s le d\u00e9jeuner, direction Ciutadella, l\u2019ancienne capitale de Minorque. Explorez sa vieille ville et visitez la cath\u00e9drale Santa Maria, le port et le march\u00e9 local.<\/p>\n\n<p>Le soir : Profitez du coucher de soleil depuis le Pont d&#039;en Gil, asseyez-vous en face, au sommet de la falaise voisine, et contemplez la beaut\u00e9 du paysage.\u00a0<\/p>\n\n<figure class=\"wp-block-image aligncenter size-full is-resized\"><img loading=\"lazy\" decoding=\"async\" width=\"1536\" height=\"2048\" class=\"wp-image-3699\" style=\"aspect-ratio: 1.3333333333333333; object-fit: cover; width: 541px; height: auto;\" src=\"https:\/\/nelvaresort.com\/wp-content\/uploads\/2024\/02\/WhatsApp-Image-2024-02-15-at-14.13.39.jpeg\" alt=\"\" \/><\/figure>\n\n<h2 class=\"wp-block-heading\">Jour 2 : Plages du nord et Binibeca<\/h2>\n\n<p>Matin\u00e9e et apr\u00e8s-midi\u00a0: Consacrez cette journ\u00e9e \u00e0 la d\u00e9couverte des magnifiques plages du nord de Minorque. Parmi les options\u00a0: Cala Pregonda, Cala Cavalleria et la plage de Binimel\u00b7l\u00e0. Profitez du soleil et de la mer dans ces criques aux eaux cristallines. Saisissez \u00e9galement l\u2019occasion de visiter le charmant petit village de p\u00eacheurs de Binibeca\u00a0; c\u2019est sans conteste l\u2019un des plus beaux de l\u2019\u00eele. Vous y d\u00e9couvrirez de ravissantes maisons blanches et des ruelles \u00e9troites.<\/p>\n\n<figure class=\"wp-block-image aligncenter size-full is-resized\"><img loading=\"lazy\" decoding=\"async\" width=\"900\" height=\"599\" class=\"wp-image-3711\" style=\"aspect-ratio: 1.3333333333333333; object-fit: cover; width: 555px; height: auto;\" src=\"https:\/\/nelvaresort.com\/wp-content\/uploads\/2024\/02\/binibeca-vell-casa.jpg\" alt=\"\" \/><\/figure>\n\n<figure class=\"wp-block-image aligncenter size-full is-resized\"><img loading=\"lazy\" decoding=\"async\" width=\"3024\" height=\"4032\" class=\"wp-image-3707\" style=\"aspect-ratio: 1.3333333333333333; object-fit: cover; width: 557px; height: auto;\" src=\"https:\/\/nelvaresort.com\/wp-content\/uploads\/2024\/02\/IMG_3213.jpg\" alt=\"\" \/><\/figure>\n\n<p>En soir\u00e9e : Appr\u00e9ciez la vari\u00e9t\u00e9 et la qualit\u00e9 de notre menu et d\u00e9tendez-vous sur la terrasse de notre bar-restaurant avec de la musique d&#039;ambiance en direct.<\/p>\n\n<figure class=\"wp-block-image aligncenter size-full is-resized\"><img loading=\"lazy\" decoding=\"async\" width=\"1600\" height=\"1200\" class=\"wp-image-3712\" style=\"object-fit: cover; width: 555px; height: auto;\" src=\"https:\/\/nelvaresort.com\/wp-content\/uploads\/2024\/02\/WhatsApp-Image-2024-02-20-at-19.45.07.jpeg\" alt=\"\" \/><\/figure>\n\n<h2 class=\"wp-block-heading\">Jour 3 : s&#039;Albufera des Grau et Parc Naturel de Fornells<\/h2>\n\n<p>Demain\u00a0: Visitez le parc naturel de l\u2019Albufera des Grau, une zone prot\u00e9g\u00e9e abritant une faune et une flore tr\u00e8s diversifi\u00e9es. Vous pourrez randonner sur les sentiers du parc et profiter de la nature.<\/p>\n\n<figure class=\"wp-block-image aligncenter size-full is-resized\"><img loading=\"lazy\" decoding=\"async\" width=\"3024\" height=\"4032\" class=\"wp-image-3709\" style=\"aspect-ratio: 1.3333333333333333; object-fit: cover; width: 500px; height: auto;\" src=\"https:\/\/nelvaresort.com\/wp-content\/uploads\/2024\/02\/IMG_6341.jpg\" alt=\"\" \/><\/figure>\n\n<p>Apr\u00e8s-midi\u00a0: Ensuite, direction Fornells, un charmant village de p\u00eacheurs r\u00e9put\u00e9 pour sa d\u00e9licieuse bouillabaisse. Fl\u00e2nez sur le port et d\u00e9gustez ce plat traditionnel dans l\u2019un des restaurants locaux.<\/p>\n\n<figure class=\"wp-block-image aligncenter size-full is-resized\"><img loading=\"lazy\" decoding=\"async\" width=\"899\" height=\"1599\" class=\"wp-image-3701\" style=\"aspect-ratio: 1.3333333333333333; object-fit: cover; width: 480px; height: auto;\" src=\"https:\/\/nelvaresort.com\/wp-content\/uploads\/2024\/02\/WhatsApp-Image-2024-02-20-at-19.05.47.jpeg\" alt=\"\" \/><\/figure>\n\n<p>Nuit : Profitez d&#039;une nuit tranquille \u00e0 Fornells.<\/p>\n\n<h2 class=\"wp-block-heading\">Jour 4 : Plages et grottes du sud<\/h2>\n\n<p>Demain : D\u00e9tendez-vous sur l&#039;une des plages du sud de Minorque, comme Cala&#039;n Porter, situ\u00e9e juste \u00e0 c\u00f4t\u00e9 de notre h\u00f4tel, ou Cala en Turqueta, un des joyaux de Minorque qui a servi de d\u00e9cor \u00e0 une publicit\u00e9 pour Estrella Damm.\u00a0<\/p>\n\n<figure class=\"wp-block-image aligncenter size-full is-resized\"><img loading=\"lazy\" decoding=\"async\" width=\"768\" height=\"1024\" class=\"wp-image-3700\" style=\"aspect-ratio: 4\/3; object-fit: cover; width: 502px; height: auto;\" src=\"https:\/\/nelvaresort.com\/wp-content\/uploads\/2024\/02\/5767ea00-845c-4f4b-93c3-2fcb7d2d1b66.jpg\" alt=\"\" \/><\/figure>\n\n<p>Apr\u00e8s-midi : Visitez et d\u00e9tendez-vous \u00e0 Cala Macarella ou dans sa crique s\u0153ur, Macarelleta, plages pr\u00e9serv\u00e9es au sable blanc et aux eaux turquoise cristallines.<\/p>\n\n<figure class=\"wp-block-image aligncenter size-full is-resized\"><img loading=\"lazy\" decoding=\"async\" width=\"3024\" height=\"4032\" class=\"wp-image-3705\" style=\"aspect-ratio: 1.3333333333333333; object-fit: cover; width: 531px; height: auto;\" src=\"https:\/\/nelvaresort.com\/wp-content\/uploads\/2024\/02\/IMG_2870.jpg\" alt=\"\" \/><\/figure>\n\n<p>En soir\u00e9e\u00a0: visitez la Cova d&#039;en Xoroi, une grotte naturelle offrant une vue panoramique imprenable sur la mer et une vie nocturne anim\u00e9e. Id\u00e9al pour admirer le coucher du soleil.<\/p>\n\n<figure class=\"wp-block-image aligncenter size-full is-resized\"><img loading=\"lazy\" decoding=\"async\" width=\"1024\" height=\"683\" class=\"wp-image-3706\" style=\"width: 560px; height: auto;\" src=\"https:\/\/nelvaresort.com\/wp-content\/uploads\/2024\/02\/covadenxoroi01.jpg\" alt=\"\" \/><\/figure>\n\n<p>N&#039;h\u00e9sitez pas, venez profiter de quelques jours de d\u00e9tente et de nature \u00e0 Minorque. Dans notre appart&#039;h\u00f4tel, vous trouverez tout le n\u00e9cessaire pour des vacances inoubliables\u00a0; vous apportez votre bonne humeur, nous nous occupons du reste\u00a0!<\/p>\n\n<figure class=\"wp-block-image aligncenter size-full is-resized\"><img loading=\"lazy\" decoding=\"async\" width=\"1600\" height=\"1200\" class=\"wp-image-3716\" style=\"object-fit: cover; width: 557px; height: auto;\" src=\"https:\/\/nelvaresort.com\/wp-content\/uploads\/2024\/02\/2017-06-12-PHOTO-00001227.jpg\" alt=\"\" \/><\/figure>\n\t\t\t\t\t\t\t\t<\/div>\n\t\t\t\t\t<\/div>\n\t\t\t\t<\/div>\n\t\t\t\t<\/div>","protected":false},"excerpt":{"rendered":"<p>Ruta de 4 d\u00edas en Menorca D\u00eda 1: Mah\u00f3n y Ciutadella Ma\u00f1ana: Comienza tu d\u00eda en Mah\u00f3n, la capital de Menorca. Visita el Puerto de Mah\u00f3n, uno de los puertos naturales m\u00e1s grandes del mundo. Pasea por el casco antiguo y visita la iglesia de Santa Mar\u00eda y la iglesia del Carmen. Tarde: Despu\u00e9s de [&hellip;]<\/p>\n","protected":false},"author":2,"featured_media":3706,"comment_status":"closed","ping_status":"closed","sticky":false,"template":"","format":"standard","meta":{"site-sidebar-layout":"default","site-content-layout":"","ast-site-content-layout":"default","site-content-style":"default","site-sidebar-style":"default","ast-global-header-display":"","ast-banner-title-visibility":"","ast-main-header-display":"","ast-hfb-above-header-display":"","ast-hfb-below-header-display":"","ast-hfb-mobile-header-display":"","site-post-title":"disabled","ast-breadcrumbs-content":"","ast-featured-img":"disabled","footer-sml-layout":"","theme-transparent-header-meta":"","adv-header-id-meta":"","stick-header-meta":"","header-above-stick-meta":"","header-main-stick-meta":"","header-below-stick-meta":"","astra-migrate-meta-layouts":"set","ast-page-background-enabled":"default","ast-page-background-meta":{"desktop":{"background-color":"","background-image":"","background-repeat":"repeat","background-position":"center center","background-size":"auto","background-attachment":"scroll","background-type":"","background-media":"","overlay-type":"","overlay-color":"","overlay-opacity":"","overlay-gradient":""},"tablet":{"background-color":"","background-image":"","background-repeat":"repeat","background-position":"center center","background-size":"auto","background-attachment":"scroll","background-type":"","background-media":"","overlay-type":"","overlay-color":"","overlay-opacity":"","overlay-gradient":""},"mobile":{"background-color":"","background-image":"","background-repeat":"repeat","background-position":"center center","background-size":"auto","background-attachment":"scroll","background-type":"","background-media":"","overlay-type":"","overlay-color":"","overlay-opacity":"","overlay-gradient":""}},"ast-content-background-meta":{"desktop":{"background-color":"var(--ast-global-color-5)","background-image":"","background-repeat":"repeat","background-position":"center center","background-size":"auto","background-attachment":"scroll","background-type":"","background-media":"","overlay-type":"","overlay-color":"","overlay-opacity":"","overlay-gradient":""},"tablet":{"background-color":"var(--ast-global-color-5)","background-image":"","background-repeat":"repeat","background-position":"center center","background-size":"auto","background-attachment":"scroll","background-type":"","background-media":"","overlay-type":"","overlay-color":"","overlay-opacity":"","overlay-gradient":""},"mobile":{"background-color":"var(--ast-global-color-5)","background-image":"","background-repeat":"repeat","background-position":"center center","background-size":"auto","background-attachment":"scroll","background-type":"","background-media":"","overlay-type":"","overlay-color":"","overlay-opacity":"","overlay-gradient":""}},"footnotes":""},"categories":[45],"tags":[],"class_list":["post-3695","post","type-post","status-publish","format-standard","has-post-thumbnail","hentry","category-turismo-por-menorca"],"yoast_head":"<!-- This site is optimized with the Yoast SEO plugin v26.6 - https:\/\/yoast.com\/wordpress\/plugins\/seo\/ -->\n<title>Ruta de 4 d\u00edas en Menorca | Aparthotel en Menorca<\/title>\n<meta name=\"description\" content=\"Planifica tu ruta de 4 d\u00edas en Menorca: playas, pueblos, faros y lugares imprescindibles para disfrutar la isla al m\u00e1ximo durante tu estancia en Nelva Resort.\" \/>\n<meta name=\"robots\" content=\"index, follow, max-snippet:-1, max-image-preview:large, max-video-preview:-1\" \/>\n<link rel=\"canonical\" href=\"https:\/\/nelvaresort.com\/fr\/ruta-de-4-dias-en-menorca\/\" \/>\n<meta property=\"og:locale\" content=\"fr_FR\" \/>\n<meta property=\"og:type\" content=\"article\" \/>\n<meta property=\"og:title\" content=\"Ruta de 4 d\u00edas en Menorca | Aparthotel en Menorca\" \/>\n<meta property=\"og:description\" content=\"Planifica tu ruta de 4 d\u00edas en Menorca: playas, pueblos, faros y lugares imprescindibles para disfrutar la isla al m\u00e1ximo durante tu estancia en Nelva Resort.\" \/>\n<meta property=\"og:url\" content=\"https:\/\/nelvaresort.com\/fr\/ruta-de-4-dias-en-menorca\/\" \/>\n<meta property=\"og:site_name\" content=\"Nelva Resort | Apartamentos en Menorca | Web Oficial\" \/>\n<meta property=\"article:publisher\" content=\"https:\/\/www.facebook.com\/NelvaResortMenorca\" \/>\n<meta property=\"article:published_time\" content=\"2024-02-20T18:52:02+00:00\" \/>\n<meta property=\"article:modified_time\" content=\"2025-12-04T15:46:29+00:00\" \/>\n<meta property=\"og:image\" content=\"https:\/\/nelvaresort.com\/wp-content\/uploads\/2024\/02\/covadenxoroi01.jpg\" \/>\n\t<meta property=\"og:image:width\" content=\"1024\" \/>\n\t<meta property=\"og:image:height\" content=\"683\" \/>\n\t<meta property=\"og:image:type\" content=\"image\/jpeg\" \/>\n<meta name=\"author\" content=\"LittHotels\" \/>\n<meta name=\"twitter:card\" content=\"summary_large_image\" \/>\n<meta name=\"twitter:label1\" content=\"\u00c9crit par\" \/>\n\t<meta name=\"twitter:data1\" content=\"LittHotels\" \/>\n\t<meta name=\"twitter:label2\" content=\"Dur\u00e9e de lecture estim\u00e9e\" \/>\n\t<meta name=\"twitter:data2\" content=\"5 minutes\" \/>\n<script type=\"application\/ld+json\" class=\"yoast-schema-graph\">{\"@context\":\"https:\/\/schema.org\",\"@graph\":[{\"@type\":\"Article\",\"@id\":\"https:\/\/nelvaresort.com\/ruta-de-4-dias-en-menorca\/#article\",\"isPartOf\":{\"@id\":\"https:\/\/nelvaresort.com\/ruta-de-4-dias-en-menorca\/\"},\"author\":{\"name\":\"LittHotels\",\"@id\":\"https:\/\/nelvaresort.com\/#\/schema\/person\/2e2c82831605b5d1dc065c510182b7ef\"},\"headline\":\"Ruta de 4 d\u00edas en Menorca\",\"datePublished\":\"2024-02-20T18:52:02+00:00\",\"dateModified\":\"2025-12-04T15:46:29+00:00\",\"mainEntityOfPage\":{\"@id\":\"https:\/\/nelvaresort.com\/ruta-de-4-dias-en-menorca\/\"},\"wordCount\":478,\"publisher\":{\"@id\":\"https:\/\/nelvaresort.com\/#organization\"},\"image\":{\"@id\":\"https:\/\/nelvaresort.com\/ruta-de-4-dias-en-menorca\/#primaryimage\"},\"thumbnailUrl\":\"https:\/\/nelvaresort.com\/wp-content\/uploads\/2024\/02\/covadenxoroi01.jpg\",\"articleSection\":[\"Turismo por Menorca\"],\"inLanguage\":\"fr-FR\"},{\"@type\":\"WebPage\",\"@id\":\"https:\/\/nelvaresort.com\/ruta-de-4-dias-en-menorca\/\",\"url\":\"https:\/\/nelvaresort.com\/ruta-de-4-dias-en-menorca\/\",\"name\":\"Ruta de 4 d\u00edas en Menorca | Aparthotel en Menorca\",\"isPartOf\":{\"@id\":\"https:\/\/nelvaresort.com\/#website\"},\"primaryImageOfPage\":{\"@id\":\"https:\/\/nelvaresort.com\/ruta-de-4-dias-en-menorca\/#primaryimage\"},\"image\":{\"@id\":\"https:\/\/nelvaresort.com\/ruta-de-4-dias-en-menorca\/#primaryimage\"},\"thumbnailUrl\":\"https:\/\/nelvaresort.com\/wp-content\/uploads\/2024\/02\/covadenxoroi01.jpg\",\"datePublished\":\"2024-02-20T18:52:02+00:00\",\"dateModified\":\"2025-12-04T15:46:29+00:00\",\"description\":\"Planifica tu ruta de 4 d\u00edas en Menorca: playas, pueblos, faros y lugares imprescindibles para disfrutar la isla al m\u00e1ximo durante tu estancia en Nelva Resort.\",\"breadcrumb\":{\"@id\":\"https:\/\/nelvaresort.com\/ruta-de-4-dias-en-menorca\/#breadcrumb\"},\"inLanguage\":\"fr-FR\",\"potentialAction\":[{\"@type\":\"ReadAction\",\"target\":[\"https:\/\/nelvaresort.com\/ruta-de-4-dias-en-menorca\/\"]}]},{\"@type\":\"ImageObject\",\"inLanguage\":\"fr-FR\",\"@id\":\"https:\/\/nelvaresort.com\/ruta-de-4-dias-en-menorca\/#primaryimage\",\"url\":\"https:\/\/nelvaresort.com\/wp-content\/uploads\/2024\/02\/covadenxoroi01.jpg\",\"contentUrl\":\"https:\/\/nelvaresort.com\/wp-content\/uploads\/2024\/02\/covadenxoroi01.jpg\",\"width\":1024,\"height\":683},{\"@type\":\"BreadcrumbList\",\"@id\":\"https:\/\/nelvaresort.com\/ruta-de-4-dias-en-menorca\/#breadcrumb\",\"itemListElement\":[{\"@type\":\"ListItem\",\"position\":1,\"name\":\"Portada\",\"item\":\"https:\/\/nelvaresort.com\/\"},{\"@type\":\"ListItem\",\"position\":2,\"name\":\"Ruta de 4 d\u00edas en Menorca\"}]},{\"@type\":\"WebSite\",\"@id\":\"https:\/\/nelvaresort.com\/#website\",\"url\":\"https:\/\/nelvaresort.com\/\",\"name\":\"Aparthotel en Menorca | Nelva Resort\",\"description\":\"Apartamentos en Menorca al mejor precio. Aparthotel ubicado en la playa de Cala\u2019n Porter de Menorca. Reserva aqu\u00ed.\",\"publisher\":{\"@id\":\"https:\/\/nelvaresort.com\/#organization\"},\"potentialAction\":[{\"@type\":\"SearchAction\",\"target\":{\"@type\":\"EntryPoint\",\"urlTemplate\":\"https:\/\/nelvaresort.com\/?s={search_term_string}\"},\"query-input\":{\"@type\":\"PropertyValueSpecification\",\"valueRequired\":true,\"valueName\":\"search_term_string\"}}],\"inLanguage\":\"fr-FR\"},{\"@type\":\"Organization\",\"@id\":\"https:\/\/nelvaresort.com\/#organization\",\"name\":\"Aparthotel en Menorca | Nelva Resort\",\"url\":\"https:\/\/nelvaresort.com\/\",\"logo\":{\"@type\":\"ImageObject\",\"inLanguage\":\"fr-FR\",\"@id\":\"https:\/\/nelvaresort.com\/#\/schema\/logo\/image\/\",\"url\":\"https:\/\/nelvaresort.com\/wp-content\/uploads\/2023\/06\/nelva-resort-logo.png\",\"contentUrl\":\"https:\/\/nelvaresort.com\/wp-content\/uploads\/2023\/06\/nelva-resort-logo.png\",\"width\":709,\"height\":709,\"caption\":\"Aparthotel en Menorca | Nelva Resort\"},\"image\":{\"@id\":\"https:\/\/nelvaresort.com\/#\/schema\/logo\/image\/\"},\"sameAs\":[\"https:\/\/www.facebook.com\/NelvaResortMenorca\",\"https:\/\/www.instagram.com\/nelvaresortmenorca\/\"]},{\"@type\":\"Person\",\"@id\":\"https:\/\/nelvaresort.com\/#\/schema\/person\/2e2c82831605b5d1dc065c510182b7ef\",\"name\":\"LittHotels\",\"image\":{\"@type\":\"ImageObject\",\"inLanguage\":\"fr-FR\",\"@id\":\"https:\/\/nelvaresort.com\/#\/schema\/person\/image\/\",\"url\":\"https:\/\/nelvaresort.com\/wp-content\/litespeed\/avatar\/f3cbe4ac27ac09ddf4fbb6c176eac63f.jpg?ver=1776972264\",\"contentUrl\":\"https:\/\/nelvaresort.com\/wp-content\/litespeed\/avatar\/f3cbe4ac27ac09ddf4fbb6c176eac63f.jpg?ver=1776972264\",\"caption\":\"LittHotels\"}}]}<\/script>\n<!-- \/ Yoast SEO plugin. -->","yoast_head_json":{"title":"Itin\u00e9raire de 4 jours \u00e0 Minorque | Appart&#039;h\u00f4tel \u00e0 Minorque","description":"Planifiez votre itin\u00e9raire de 4 jours \u00e0 Minorque\u00a0: plages, villages, phares et sites incontournables pour profiter pleinement de l\u2019\u00eele lors de votre s\u00e9jour au Nelva Resort.","robots":{"index":"index","follow":"follow","max-snippet":"max-snippet:-1","max-image-preview":"max-image-preview:large","max-video-preview":"max-video-preview:-1"},"canonical":"https:\/\/nelvaresort.com\/fr\/ruta-de-4-dias-en-menorca\/","og_locale":"fr_FR","og_type":"article","og_title":"Ruta de 4 d\u00edas en Menorca | Aparthotel en Menorca","og_description":"Planifica tu ruta de 4 d\u00edas en Menorca: playas, pueblos, faros y lugares imprescindibles para disfrutar la isla al m\u00e1ximo durante tu estancia en Nelva Resort.","og_url":"https:\/\/nelvaresort.com\/fr\/ruta-de-4-dias-en-menorca\/","og_site_name":"Nelva Resort | Apartamentos en Menorca | Web Oficial","article_publisher":"https:\/\/www.facebook.com\/NelvaResortMenorca","article_published_time":"2024-02-20T18:52:02+00:00","article_modified_time":"2025-12-04T15:46:29+00:00","og_image":[{"width":1024,"height":683,"url":"https:\/\/nelvaresort.com\/wp-content\/uploads\/2024\/02\/covadenxoroi01.jpg","type":"image\/jpeg"}],"author":"LittHotels","twitter_card":"summary_large_image","twitter_misc":{"\u00c9crit par":"LittHotels","Dur\u00e9e de lecture estim\u00e9e":"5 minutes"},"schema":{"@context":"https:\/\/schema.org","@graph":[{"@type":"Article","@id":"https:\/\/nelvaresort.com\/ruta-de-4-dias-en-menorca\/#article","isPartOf":{"@id":"https:\/\/nelvaresort.com\/ruta-de-4-dias-en-menorca\/"},"author":{"name":"LittHotels","@id":"https:\/\/nelvaresort.com\/#\/schema\/person\/2e2c82831605b5d1dc065c510182b7ef"},"headline":"Ruta de 4 d\u00edas en Menorca","datePublished":"2024-02-20T18:52:02+00:00","dateModified":"2025-12-04T15:46:29+00:00","mainEntityOfPage":{"@id":"https:\/\/nelvaresort.com\/ruta-de-4-dias-en-menorca\/"},"wordCount":478,"publisher":{"@id":"https:\/\/nelvaresort.com\/#organization"},"image":{"@id":"https:\/\/nelvaresort.com\/ruta-de-4-dias-en-menorca\/#primaryimage"},"thumbnailUrl":"https:\/\/nelvaresort.com\/wp-content\/uploads\/2024\/02\/covadenxoroi01.jpg","articleSection":["Turismo por Menorca"],"inLanguage":"fr-FR"},{"@type":"WebPage","@id":"https:\/\/nelvaresort.com\/ruta-de-4-dias-en-menorca\/","url":"https:\/\/nelvaresort.com\/ruta-de-4-dias-en-menorca\/","name":"Itin\u00e9raire de 4 jours \u00e0 Minorque | Appart&#039;h\u00f4tel \u00e0 Minorque","isPartOf":{"@id":"https:\/\/nelvaresort.com\/#website"},"primaryImageOfPage":{"@id":"https:\/\/nelvaresort.com\/ruta-de-4-dias-en-menorca\/#primaryimage"},"image":{"@id":"https:\/\/nelvaresort.com\/ruta-de-4-dias-en-menorca\/#primaryimage"},"thumbnailUrl":"https:\/\/nelvaresort.com\/wp-content\/uploads\/2024\/02\/covadenxoroi01.jpg","datePublished":"2024-02-20T18:52:02+00:00","dateModified":"2025-12-04T15:46:29+00:00","description":"Planifiez votre itin\u00e9raire de 4 jours \u00e0 Minorque\u00a0: plages, villages, phares et sites incontournables pour profiter pleinement de l\u2019\u00eele lors de votre s\u00e9jour au Nelva Resort.","breadcrumb":{"@id":"https:\/\/nelvaresort.com\/ruta-de-4-dias-en-menorca\/#breadcrumb"},"inLanguage":"fr-FR","potentialAction":[{"@type":"ReadAction","target":["https:\/\/nelvaresort.com\/ruta-de-4-dias-en-menorca\/"]}]},{"@type":"ImageObject","inLanguage":"fr-FR","@id":"https:\/\/nelvaresort.com\/ruta-de-4-dias-en-menorca\/#primaryimage","url":"https:\/\/nelvaresort.com\/wp-content\/uploads\/2024\/02\/covadenxoroi01.jpg","contentUrl":"https:\/\/nelvaresort.com\/wp-content\/uploads\/2024\/02\/covadenxoroi01.jpg","width":1024,"height":683},{"@type":"BreadcrumbList","@id":"https:\/\/nelvaresort.com\/ruta-de-4-dias-en-menorca\/#breadcrumb","itemListElement":[{"@type":"ListItem","position":1,"name":"Portada","item":"https:\/\/nelvaresort.com\/"},{"@type":"ListItem","position":2,"name":"Ruta de 4 d\u00edas en Menorca"}]},{"@type":"WebSite","@id":"https:\/\/nelvaresort.com\/#website","url":"https:\/\/nelvaresort.com\/","name":"Appart-h\u00f4tel \u00e0 Minorque | H\u00f4tel Nelva","description":"Appartements \u00e0 Minorque au meilleur prix. Appart&#039;h\u00f4tel situ\u00e9 sur la plage de Cala&#039;n Porter \u00e0 Minorque. R\u00e9servez ici.","publisher":{"@id":"https:\/\/nelvaresort.com\/#organization"},"potentialAction":[{"@type":"SearchAction","target":{"@type":"EntryPoint","urlTemplate":"https:\/\/nelvaresort.com\/?s={search_term_string}"},"query-input":{"@type":"PropertyValueSpecification","valueRequired":true,"valueName":"search_term_string"}}],"inLanguage":"fr-FR"},{"@type":"Organization","@id":"https:\/\/nelvaresort.com\/#organization","name":"Appart-h\u00f4tel \u00e0 Minorque | H\u00f4tel Nelva","url":"https:\/\/nelvaresort.com\/","logo":{"@type":"ImageObject","inLanguage":"fr-FR","@id":"https:\/\/nelvaresort.com\/#\/schema\/logo\/image\/","url":"https:\/\/nelvaresort.com\/wp-content\/uploads\/2023\/06\/nelva-resort-logo.png","contentUrl":"https:\/\/nelvaresort.com\/wp-content\/uploads\/2023\/06\/nelva-resort-logo.png","width":709,"height":709,"caption":"Aparthotel en Menorca | Nelva Resort"},"image":{"@id":"https:\/\/nelvaresort.com\/#\/schema\/logo\/image\/"},"sameAs":["https:\/\/www.facebook.com\/NelvaResortMenorca","https:\/\/www.instagram.com\/nelvaresortmenorca\/"]},{"@type":"Person","@id":"https:\/\/nelvaresort.com\/#\/schema\/person\/2e2c82831605b5d1dc065c510182b7ef","name":"LittHotels","image":{"@type":"ImageObject","inLanguage":"fr-FR","@id":"https:\/\/nelvaresort.com\/#\/schema\/person\/image\/","url":"https:\/\/nelvaresort.com\/wp-content\/litespeed\/avatar\/f3cbe4ac27ac09ddf4fbb6c176eac63f.jpg?ver=1776972264","contentUrl":"https:\/\/nelvaresort.com\/wp-content\/litespeed\/avatar\/f3cbe4ac27ac09ddf4fbb6c176eac63f.jpg?ver=1776972264","caption":"LittHotels"}}]}},"_links":{"self":[{"href":"https:\/\/nelvaresort.com\/fr\/wp-json\/wp\/v2\/posts\/3695","targetHints":{"allow":["GET"]}}],"collection":[{"href":"https:\/\/nelvaresort.com\/fr\/wp-json\/wp\/v2\/posts"}],"about":[{"href":"https:\/\/nelvaresort.com\/fr\/wp-json\/wp\/v2\/types\/post"}],"author":[{"embeddable":true,"href":"https:\/\/nelvaresort.com\/fr\/wp-json\/wp\/v2\/users\/2"}],"replies":[{"embeddable":true,"href":"https:\/\/nelvaresort.com\/fr\/wp-json\/wp\/v2\/comments?post=3695"}],"version-history":[{"count":4,"href":"https:\/\/nelvaresort.com\/fr\/wp-json\/wp\/v2\/posts\/3695\/revisions"}],"predecessor-version":[{"id":4371,"href":"https:\/\/nelvaresort.com\/fr\/wp-json\/wp\/v2\/posts\/3695\/revisions\/4371"}],"wp:featuredmedia":[{"embeddable":true,"href":"https:\/\/nelvaresort.com\/fr\/wp-json\/wp\/v2\/media\/3706"}],"wp:attachment":[{"href":"https:\/\/nelvaresort.com\/fr\/wp-json\/wp\/v2\/media?parent=3695"}],"wp:term":[{"taxonomy":"category","embeddable":true,"href":"https:\/\/nelvaresort.com\/fr\/wp-json\/wp\/v2\/categories?post=3695"},{"taxonomy":"post_tag","embeddable":true,"href":"https:\/\/nelvaresort.com\/fr\/wp-json\/wp\/v2\/tags?post=3695"}],"curies":[{"name":"wp","href":"https:\/\/api.w.org\/{rel}","templated":true}]}}