{"id":3913,"date":"2024-06-06T15:31:19","date_gmt":"2024-06-06T15:31:19","guid":{"rendered":"https:\/\/nelvaresort.com\/?p=3913"},"modified":"2025-12-04T15:45:04","modified_gmt":"2025-12-04T15:45:04","slug":"menorca-fiestas-de-sant-joan","status":"publish","type":"post","link":"https:\/\/nelvaresort.com\/en\/menorca-fiestas-de-sant-joan\/","title":{"rendered":"Menorca: Sant Joan Festival"},"content":{"rendered":"<div data-elementor-type=\"wp-post\" data-elementor-id=\"3913\" class=\"elementor elementor-3913\" data-elementor-post-type=\"post\">\n\t\t\t\t<div class=\"elementor-element elementor-element-463417c7 e-flex e-con-boxed e-con e-parent\" data-id=\"463417c7\" data-element_type=\"container\" data-e-type=\"container\">\n\t\t\t\t\t<div class=\"e-con-inner\">\n\t\t\t\t<div class=\"elementor-element elementor-element-2fce76d2 elementor-widget elementor-widget-text-editor\" data-id=\"2fce76d2\" data-element_type=\"widget\" data-e-type=\"widget\" data-widget_type=\"text-editor.default\">\n\t\t\t\t\t\t\t\t\t\n<h1 class=\"wp-block-heading\">Menorca: Sant Joan Festival<\/h1>\n\n<p>You&#039;ve probably heard or read about the Sant Joan festivities in Menorca. They are undoubtedly a wonderful experience, full of beauty and joy, which is why thousands of people from all over the world come to the island year after year at this time so as not to miss a single detail.<\/p>\n\n<figure class=\"wp-block-image aligncenter size-full is-resized\">\n<figure id=\"attachment_3941\" aria-describedby=\"caption-attachment-3941\" style=\"width: 1024px\" class=\"wp-caption alignnone\"><img loading=\"lazy\" decoding=\"async\" class=\"wp-image-3941\" style=\"width: 576px; height: auto;\" title=\"Menorca festivals\" src=\"https:\/\/nelvaresort.com\/wp-content\/uploads\/2024\/06\/Menorca-4794r_FotoPRATSiCAMPS-15155301-e1639589429267-1024x604-1.jpg\" alt=\"Menorca festivals\" width=\"1024\" height=\"604\" \/><figcaption id=\"caption-attachment-3941\" class=\"wp-caption-text\">Menorca festivals<\/figcaption><\/figure>\n<figcaption class=\"wp-element-caption\">MINORCA. Patronal festivities of Sant Bartomeu a Ferreries. Jaleo with cavalls and cavallers (also gifts) at Pla de l&#039;Esgl\u00e8sia, in front of the Town Hall. <br \/>PHOTO: \u00a9PRATS i CAMPS<\/figcaption>\n<\/figure>\n\n<p>Are you going to miss it? You shouldn&#039;t, because Sant Joan is a celebration where tradition, music and revelry come together to create a unique spectacle that is well worth a trip to Menorca.<\/p>\n\n<p>At Nelva Resort, you&#039;ll find the perfect retreat to relax after the excitement of two days of festivities. Our apartments and facilities will provide everything you need for an unforgettable stay in Menorca. Come and visit us, but don&#039;t delay in booking on our website, as these dates are very popular!<\/p>\n\n<h3 class=\"wp-block-heading\">Origins of the Festival:<\/h3>\n\n<p>The origins of the Sant Joan festival in Ciutadella date back seven centuries, to be exact, when local laborers, on horseback, would make a pilgrimage from Ciutadella to the Hermitage of Sant Joan de Missa, collecting donations. Today, this tradition is recreated, and the different social classes of the time are clearly represented, with every detail meticulously observed. Thus, riders dressed in the traditional &quot;just&quot; attire, combining black and white, mounted mostly on stallions of the Menorcan breed, parade through the town&#039;s streets.<\/p>\n\n<figure class=\"wp-block-image aligncenter size-full\"><img loading=\"lazy\" decoding=\"async\" width=\"500\" height=\"302\" class=\"wp-image-3920\" src=\"https:\/\/nelvaresort.com\/wp-content\/uploads\/2024\/06\/Jaleo-inici-s.-XX.jpg\" alt=\"\" \/><\/figure>\n\n<h3 class=\"wp-block-heading\">The most representative aspects of the Festival:<\/h3>\n\n<p>We&#039;ve all seen the beautiful images of the black horses rearing up on their hind legs, rising majestically amidst the crowds, having galloped into Pla\u00e7a del Born. The excitement is palpable; people throng to witness this unique spectacle as the horses circle the square three times to the sound of music\u2014it&#039;s the Caragol.<\/p>\n\n<figure class=\"wp-block-image aligncenter size-full\"><img loading=\"lazy\" decoding=\"async\" width=\"700\" height=\"350\" class=\"wp-image-3940\" src=\"https:\/\/nelvaresort.com\/wp-content\/uploads\/2024\/06\/fiestas_2.jpg\" alt=\"\" \/><\/figure>\n\n<p>It is one of the most impressive moments of the entire festival; the strength of the horses, along with their beauty and power, leaves everyone present speechless.<\/p>\n\n<h3 class=\"wp-block-heading\">Take a few days:<\/h3>\n\n<p>The festivities last a few days, so take note and reserve a few in your calendar to come to Menorca and enjoy them with us.<\/p>\n\n<p>The first of the events takes place in Ciutadella on the Saturday before Saint John&#039;s Day: <strong>La Vetlla des Be, followed by Dia des Be.<\/strong> On both days, the main attraction is a white lamb, which is kept vigil over on Saturday and paraded through the streets of Ciutadella on the back of the Barefoot Man on Sunday. This is how these unique Ciutadella festivities officially begin.<\/p>\n\n<figure class=\"wp-block-image aligncenter size-full\"><img loading=\"lazy\" decoding=\"async\" width=\"488\" height=\"321\" class=\"wp-image-3944\" src=\"https:\/\/nelvaresort.com\/wp-content\/uploads\/2024\/06\/unnamed-3.jpg\" alt=\"\" \/><\/figure>\n\n<p>Aside from the Caragol, which we&#039;ve already mentioned, horses continue to be the main attraction these days. So, it&#039;s essential that you&#039;re in Ciutadella on June 24th as well. Riders and their horses will be participating in several activities worth seeing, known as the Jocs Des Pla (Plains Games). There&#039;s the Carotadas, a game where one rider holds a mask and the other tries to break it by throwing a stone, and also the Joc de la Ensortilla (Ring Game), where knights, armed with lances, try to hit a ring that has been hung from a cable.<\/p>\n\n<figure class=\"wp-block-image aligncenter size-full is-resized\"><img loading=\"lazy\" decoding=\"async\" width=\"770\" height=\"474\" class=\"wp-image-3922\" style=\"width: 548px; height: auto;\" src=\"https:\/\/nelvaresort.com\/wp-content\/uploads\/2024\/06\/Jocs-Des-Pla-menorca.jpg\" alt=\"\" \/><\/figure>\n\n<p>Ciutadella is dressed in its finest; laughter, applause, shouts of admiration, and the clatter of horses&#039; hooves on the cobblestones fill the air. Sant Joan is undoubtedly a grand celebration here in Menorca, and that&#039;s why you can&#039;t miss the opportunity to enjoy it with us.<\/p>\n\n<p>At Hotel Nelva, you&#039;ll find the perfect place to spend your holidays. The relaxed atmosphere and our spacious, comfortable facilities will be the perfect finishing touch. Unwind and take a few days off to enjoy Menorca, the sun, and the vibrant nightlife. .<\/p>\n\n<p>Book now, choose from our fully equipped one or two bedroom apartments, relax in our spacious pool area and marvel at the stunning views.<\/p>\n\n<figure class=\"wp-block-image aligncenter size-full is-resized\"><img loading=\"lazy\" decoding=\"async\" width=\"1600\" height=\"1200\" class=\"wp-image-3710\" style=\"width: 529px; height: auto;\" src=\"https:\/\/nelvaresort.com\/wp-content\/uploads\/2024\/02\/d5413948-6a18-4472-bb8a-6a2461dae275.jpg\" alt=\"\" \/><\/figure>\n\n<p>We&#039;re waiting for you!<\/p>\n\t\t\t\t\t\t\t\t<\/div>\n\t\t\t\t\t<\/div>\n\t\t\t\t<\/div>\n\t\t\t\t<\/div>","protected":false},"excerpt":{"rendered":"<p>Menorca : Fiestas de Sant Joan Seguro que alguna vez habr\u00e1s o\u00eddo o le\u00eddo acerca de las fiestas de Sant Joan en Menorca. Son, sin duda, algo maravilloso, lleno de belleza y de alegr\u00eda, y es por ello que miles de persona de todas partes del mundo se acercan a la isla en estas fechas [&hellip;]<\/p>\n","protected":false},"author":2,"featured_media":3916,"comment_status":"closed","ping_status":"closed","sticky":false,"template":"","format":"standard","meta":{"site-sidebar-layout":"default","site-content-layout":"","ast-site-content-layout":"default","site-content-style":"default","site-sidebar-style":"default","ast-global-header-display":"","ast-banner-title-visibility":"","ast-main-header-display":"","ast-hfb-above-header-display":"","ast-hfb-below-header-display":"","ast-hfb-mobile-header-display":"","site-post-title":"disabled","ast-breadcrumbs-content":"","ast-featured-img":"disabled","footer-sml-layout":"","theme-transparent-header-meta":"","adv-header-id-meta":"","stick-header-meta":"","header-above-stick-meta":"","header-main-stick-meta":"","header-below-stick-meta":"","astra-migrate-meta-layouts":"set","ast-page-background-enabled":"default","ast-page-background-meta":{"desktop":{"background-color":"","background-image":"","background-repeat":"repeat","background-position":"center center","background-size":"auto","background-attachment":"scroll","background-type":"","background-media":"","overlay-type":"","overlay-color":"","overlay-opacity":"","overlay-gradient":""},"tablet":{"background-color":"","background-image":"","background-repeat":"repeat","background-position":"center center","background-size":"auto","background-attachment":"scroll","background-type":"","background-media":"","overlay-type":"","overlay-color":"","overlay-opacity":"","overlay-gradient":""},"mobile":{"background-color":"","background-image":"","background-repeat":"repeat","background-position":"center center","background-size":"auto","background-attachment":"scroll","background-type":"","background-media":"","overlay-type":"","overlay-color":"","overlay-opacity":"","overlay-gradient":""}},"ast-content-background-meta":{"desktop":{"background-color":"var(--ast-global-color-5)","background-image":"","background-repeat":"repeat","background-position":"center center","background-size":"auto","background-attachment":"scroll","background-type":"","background-media":"","overlay-type":"","overlay-color":"","overlay-opacity":"","overlay-gradient":""},"tablet":{"background-color":"var(--ast-global-color-5)","background-image":"","background-repeat":"repeat","background-position":"center center","background-size":"auto","background-attachment":"scroll","background-type":"","background-media":"","overlay-type":"","overlay-color":"","overlay-opacity":"","overlay-gradient":""},"mobile":{"background-color":"var(--ast-global-color-5)","background-image":"","background-repeat":"repeat","background-position":"center center","background-size":"auto","background-attachment":"scroll","background-type":"","background-media":"","overlay-type":"","overlay-color":"","overlay-opacity":"","overlay-gradient":""}},"footnotes":""},"categories":[46],"tags":[],"class_list":["post-3913","post","type-post","status-publish","format-standard","has-post-thumbnail","hentry","category-fiestas-y-tradicion"],"yoast_head":"<!-- This site is optimized with the Yoast SEO plugin v26.6 - https:\/\/yoast.com\/wordpress\/plugins\/seo\/ -->\n<title>Menorca : Fiestas de Sant Joan | Aparthotel en Menorca<\/title>\n<meta name=\"description\" content=\"Descubre las Fiestas de Sant Joan en Menorca: caballos, tradici\u00f3n, m\u00fasica y ambiente \u00fanico en Ciutadella. Una celebraci\u00f3n imprescindible cerca de Nelva Resort.\" \/>\n<meta name=\"robots\" content=\"index, follow, max-snippet:-1, max-image-preview:large, max-video-preview:-1\" \/>\n<link rel=\"canonical\" href=\"https:\/\/nelvaresort.com\/en\/menorca-fiestas-de-sant-joan\/\" \/>\n<meta property=\"og:locale\" content=\"en_GB\" \/>\n<meta property=\"og:type\" content=\"article\" \/>\n<meta property=\"og:title\" content=\"Menorca : Fiestas de Sant Joan | Aparthotel en Menorca\" \/>\n<meta property=\"og:description\" content=\"Descubre las Fiestas de Sant Joan en Menorca: caballos, tradici\u00f3n, m\u00fasica y ambiente \u00fanico en Ciutadella. Una celebraci\u00f3n imprescindible cerca de Nelva Resort.\" \/>\n<meta property=\"og:url\" content=\"https:\/\/nelvaresort.com\/en\/menorca-fiestas-de-sant-joan\/\" \/>\n<meta property=\"og:site_name\" content=\"Nelva Resort | Apartamentos en Menorca | Web Oficial\" \/>\n<meta property=\"article:publisher\" content=\"https:\/\/www.facebook.com\/NelvaResortMenorca\" \/>\n<meta property=\"article:published_time\" content=\"2024-06-06T15:31:19+00:00\" \/>\n<meta property=\"article:modified_time\" content=\"2025-12-04T15:45:04+00:00\" \/>\n<meta property=\"og:image\" content=\"https:\/\/nelvaresort.com\/wp-content\/uploads\/2024\/06\/EsMercdal_SantMarti_Jaleo_DSCN3853_T600.jpg\" \/>\n\t<meta property=\"og:image:width\" content=\"600\" \/>\n\t<meta property=\"og:image:height\" content=\"400\" \/>\n\t<meta property=\"og:image:type\" content=\"image\/jpeg\" \/>\n<meta name=\"author\" content=\"LittHotels\" \/>\n<meta name=\"twitter:card\" content=\"summary_large_image\" \/>\n<meta name=\"twitter:label1\" content=\"Written by\" \/>\n\t<meta name=\"twitter:data1\" content=\"LittHotels\" \/>\n\t<meta name=\"twitter:label2\" content=\"Estimated reading time\" \/>\n\t<meta name=\"twitter:data2\" content=\"5 minutes\" \/>\n<script type=\"application\/ld+json\" class=\"yoast-schema-graph\">{\"@context\":\"https:\/\/schema.org\",\"@graph\":[{\"@type\":\"Article\",\"@id\":\"https:\/\/nelvaresort.com\/menorca-fiestas-de-sant-joan\/#article\",\"isPartOf\":{\"@id\":\"https:\/\/nelvaresort.com\/menorca-fiestas-de-sant-joan\/\"},\"author\":{\"name\":\"LittHotels\",\"@id\":\"https:\/\/nelvaresort.com\/#\/schema\/person\/2e2c82831605b5d1dc065c510182b7ef\"},\"headline\":\"Menorca : Fiestas de Sant Joan\",\"datePublished\":\"2024-06-06T15:31:19+00:00\",\"dateModified\":\"2025-12-04T15:45:04+00:00\",\"mainEntityOfPage\":{\"@id\":\"https:\/\/nelvaresort.com\/menorca-fiestas-de-sant-joan\/\"},\"wordCount\":783,\"publisher\":{\"@id\":\"https:\/\/nelvaresort.com\/#organization\"},\"image\":{\"@id\":\"https:\/\/nelvaresort.com\/menorca-fiestas-de-sant-joan\/#primaryimage\"},\"thumbnailUrl\":\"https:\/\/nelvaresort.com\/wp-content\/uploads\/2024\/06\/EsMercdal_SantMarti_Jaleo_DSCN3853_T600.jpg\",\"articleSection\":[\"fiestas y tradicion\"],\"inLanguage\":\"en-GB\"},{\"@type\":\"WebPage\",\"@id\":\"https:\/\/nelvaresort.com\/menorca-fiestas-de-sant-joan\/\",\"url\":\"https:\/\/nelvaresort.com\/menorca-fiestas-de-sant-joan\/\",\"name\":\"Menorca : Fiestas de Sant Joan | Aparthotel en Menorca\",\"isPartOf\":{\"@id\":\"https:\/\/nelvaresort.com\/#website\"},\"primaryImageOfPage\":{\"@id\":\"https:\/\/nelvaresort.com\/menorca-fiestas-de-sant-joan\/#primaryimage\"},\"image\":{\"@id\":\"https:\/\/nelvaresort.com\/menorca-fiestas-de-sant-joan\/#primaryimage\"},\"thumbnailUrl\":\"https:\/\/nelvaresort.com\/wp-content\/uploads\/2024\/06\/EsMercdal_SantMarti_Jaleo_DSCN3853_T600.jpg\",\"datePublished\":\"2024-06-06T15:31:19+00:00\",\"dateModified\":\"2025-12-04T15:45:04+00:00\",\"description\":\"Descubre las Fiestas de Sant Joan en Menorca: caballos, tradici\u00f3n, m\u00fasica y ambiente \u00fanico en Ciutadella. Una celebraci\u00f3n imprescindible cerca de Nelva Resort.\",\"breadcrumb\":{\"@id\":\"https:\/\/nelvaresort.com\/menorca-fiestas-de-sant-joan\/#breadcrumb\"},\"inLanguage\":\"en-GB\",\"potentialAction\":[{\"@type\":\"ReadAction\",\"target\":[\"https:\/\/nelvaresort.com\/menorca-fiestas-de-sant-joan\/\"]}]},{\"@type\":\"ImageObject\",\"inLanguage\":\"en-GB\",\"@id\":\"https:\/\/nelvaresort.com\/menorca-fiestas-de-sant-joan\/#primaryimage\",\"url\":\"https:\/\/nelvaresort.com\/wp-content\/uploads\/2024\/06\/EsMercdal_SantMarti_Jaleo_DSCN3853_T600.jpg\",\"contentUrl\":\"https:\/\/nelvaresort.com\/wp-content\/uploads\/2024\/06\/EsMercdal_SantMarti_Jaleo_DSCN3853_T600.jpg\",\"width\":600,\"height\":400},{\"@type\":\"BreadcrumbList\",\"@id\":\"https:\/\/nelvaresort.com\/menorca-fiestas-de-sant-joan\/#breadcrumb\",\"itemListElement\":[{\"@type\":\"ListItem\",\"position\":1,\"name\":\"Portada\",\"item\":\"https:\/\/nelvaresort.com\/\"},{\"@type\":\"ListItem\",\"position\":2,\"name\":\"Menorca : Fiestas de Sant Joan\"}]},{\"@type\":\"WebSite\",\"@id\":\"https:\/\/nelvaresort.com\/#website\",\"url\":\"https:\/\/nelvaresort.com\/\",\"name\":\"Aparthotel en Menorca | Nelva Resort\",\"description\":\"Apartamentos en Menorca al mejor precio. Aparthotel ubicado en la playa de Cala\u2019n Porter de Menorca. Reserva aqu\u00ed.\",\"publisher\":{\"@id\":\"https:\/\/nelvaresort.com\/#organization\"},\"potentialAction\":[{\"@type\":\"SearchAction\",\"target\":{\"@type\":\"EntryPoint\",\"urlTemplate\":\"https:\/\/nelvaresort.com\/?s={search_term_string}\"},\"query-input\":{\"@type\":\"PropertyValueSpecification\",\"valueRequired\":true,\"valueName\":\"search_term_string\"}}],\"inLanguage\":\"en-GB\"},{\"@type\":\"Organization\",\"@id\":\"https:\/\/nelvaresort.com\/#organization\",\"name\":\"Aparthotel en Menorca | Nelva Resort\",\"url\":\"https:\/\/nelvaresort.com\/\",\"logo\":{\"@type\":\"ImageObject\",\"inLanguage\":\"en-GB\",\"@id\":\"https:\/\/nelvaresort.com\/#\/schema\/logo\/image\/\",\"url\":\"https:\/\/nelvaresort.com\/wp-content\/uploads\/2023\/06\/nelva-resort-logo.png\",\"contentUrl\":\"https:\/\/nelvaresort.com\/wp-content\/uploads\/2023\/06\/nelva-resort-logo.png\",\"width\":709,\"height\":709,\"caption\":\"Aparthotel en Menorca | Nelva Resort\"},\"image\":{\"@id\":\"https:\/\/nelvaresort.com\/#\/schema\/logo\/image\/\"},\"sameAs\":[\"https:\/\/www.facebook.com\/NelvaResortMenorca\",\"https:\/\/www.instagram.com\/nelvaresortmenorca\/\"]},{\"@type\":\"Person\",\"@id\":\"https:\/\/nelvaresort.com\/#\/schema\/person\/2e2c82831605b5d1dc065c510182b7ef\",\"name\":\"LittHotels\",\"image\":{\"@type\":\"ImageObject\",\"inLanguage\":\"en-GB\",\"@id\":\"https:\/\/nelvaresort.com\/#\/schema\/person\/image\/\",\"url\":\"https:\/\/nelvaresort.com\/wp-content\/litespeed\/avatar\/f3cbe4ac27ac09ddf4fbb6c176eac63f.jpg?ver=1776972264\",\"contentUrl\":\"https:\/\/nelvaresort.com\/wp-content\/litespeed\/avatar\/f3cbe4ac27ac09ddf4fbb6c176eac63f.jpg?ver=1776972264\",\"caption\":\"LittHotels\"}}]}<\/script>\n<!-- \/ Yoast SEO plugin. -->","yoast_head_json":{"title":"Menorca: Sant Joan Festival | Aparthotel in Menorca","description":"Discover the Sant Joan festivities in Menorca: horses, tradition, music, and a unique atmosphere in Ciutadella. A must-see celebration near Nelva Resort.","robots":{"index":"index","follow":"follow","max-snippet":"max-snippet:-1","max-image-preview":"max-image-preview:large","max-video-preview":"max-video-preview:-1"},"canonical":"https:\/\/nelvaresort.com\/en\/menorca-fiestas-de-sant-joan\/","og_locale":"en_GB","og_type":"article","og_title":"Menorca : Fiestas de Sant Joan | Aparthotel en Menorca","og_description":"Descubre las Fiestas de Sant Joan en Menorca: caballos, tradici\u00f3n, m\u00fasica y ambiente \u00fanico en Ciutadella. Una celebraci\u00f3n imprescindible cerca de Nelva Resort.","og_url":"https:\/\/nelvaresort.com\/en\/menorca-fiestas-de-sant-joan\/","og_site_name":"Nelva Resort | Apartamentos en Menorca | Web Oficial","article_publisher":"https:\/\/www.facebook.com\/NelvaResortMenorca","article_published_time":"2024-06-06T15:31:19+00:00","article_modified_time":"2025-12-04T15:45:04+00:00","og_image":[{"width":600,"height":400,"url":"https:\/\/nelvaresort.com\/wp-content\/uploads\/2024\/06\/EsMercdal_SantMarti_Jaleo_DSCN3853_T600.jpg","type":"image\/jpeg"}],"author":"LittHotels","twitter_card":"summary_large_image","twitter_misc":{"Written by":"LittHotels","Estimated reading time":"5 minutes"},"schema":{"@context":"https:\/\/schema.org","@graph":[{"@type":"Article","@id":"https:\/\/nelvaresort.com\/menorca-fiestas-de-sant-joan\/#article","isPartOf":{"@id":"https:\/\/nelvaresort.com\/menorca-fiestas-de-sant-joan\/"},"author":{"name":"LittHotels","@id":"https:\/\/nelvaresort.com\/#\/schema\/person\/2e2c82831605b5d1dc065c510182b7ef"},"headline":"Menorca : Fiestas de Sant Joan","datePublished":"2024-06-06T15:31:19+00:00","dateModified":"2025-12-04T15:45:04+00:00","mainEntityOfPage":{"@id":"https:\/\/nelvaresort.com\/menorca-fiestas-de-sant-joan\/"},"wordCount":783,"publisher":{"@id":"https:\/\/nelvaresort.com\/#organization"},"image":{"@id":"https:\/\/nelvaresort.com\/menorca-fiestas-de-sant-joan\/#primaryimage"},"thumbnailUrl":"https:\/\/nelvaresort.com\/wp-content\/uploads\/2024\/06\/EsMercdal_SantMarti_Jaleo_DSCN3853_T600.jpg","articleSection":["fiestas y tradicion"],"inLanguage":"en-GB"},{"@type":"WebPage","@id":"https:\/\/nelvaresort.com\/menorca-fiestas-de-sant-joan\/","url":"https:\/\/nelvaresort.com\/menorca-fiestas-de-sant-joan\/","name":"Menorca: Sant Joan Festival | Aparthotel in Menorca","isPartOf":{"@id":"https:\/\/nelvaresort.com\/#website"},"primaryImageOfPage":{"@id":"https:\/\/nelvaresort.com\/menorca-fiestas-de-sant-joan\/#primaryimage"},"image":{"@id":"https:\/\/nelvaresort.com\/menorca-fiestas-de-sant-joan\/#primaryimage"},"thumbnailUrl":"https:\/\/nelvaresort.com\/wp-content\/uploads\/2024\/06\/EsMercdal_SantMarti_Jaleo_DSCN3853_T600.jpg","datePublished":"2024-06-06T15:31:19+00:00","dateModified":"2025-12-04T15:45:04+00:00","description":"Discover the Sant Joan festivities in Menorca: horses, tradition, music, and a unique atmosphere in Ciutadella. A must-see celebration near Nelva Resort.","breadcrumb":{"@id":"https:\/\/nelvaresort.com\/menorca-fiestas-de-sant-joan\/#breadcrumb"},"inLanguage":"en-GB","potentialAction":[{"@type":"ReadAction","target":["https:\/\/nelvaresort.com\/menorca-fiestas-de-sant-joan\/"]}]},{"@type":"ImageObject","inLanguage":"en-GB","@id":"https:\/\/nelvaresort.com\/menorca-fiestas-de-sant-joan\/#primaryimage","url":"https:\/\/nelvaresort.com\/wp-content\/uploads\/2024\/06\/EsMercdal_SantMarti_Jaleo_DSCN3853_T600.jpg","contentUrl":"https:\/\/nelvaresort.com\/wp-content\/uploads\/2024\/06\/EsMercdal_SantMarti_Jaleo_DSCN3853_T600.jpg","width":600,"height":400},{"@type":"BreadcrumbList","@id":"https:\/\/nelvaresort.com\/menorca-fiestas-de-sant-joan\/#breadcrumb","itemListElement":[{"@type":"ListItem","position":1,"name":"Portada","item":"https:\/\/nelvaresort.com\/"},{"@type":"ListItem","position":2,"name":"Menorca : Fiestas de Sant Joan"}]},{"@type":"WebSite","@id":"https:\/\/nelvaresort.com\/#website","url":"https:\/\/nelvaresort.com\/","name":"Aparthotel in Menorca | Nelva Resort","description":"Apartments in Menorca at the best price. Aparthotel located on the Cala&#039;n Porter beach in Menorca. Reserve here.","publisher":{"@id":"https:\/\/nelvaresort.com\/#organization"},"potentialAction":[{"@type":"SearchAction","target":{"@type":"EntryPoint","urlTemplate":"https:\/\/nelvaresort.com\/?s={search_term_string}"},"query-input":{"@type":"PropertyValueSpecification","valueRequired":true,"valueName":"search_term_string"}}],"inLanguage":"en-GB"},{"@type":"Organization","@id":"https:\/\/nelvaresort.com\/#organization","name":"Aparthotel in Menorca | Nelva Resort","url":"https:\/\/nelvaresort.com\/","logo":{"@type":"ImageObject","inLanguage":"en-GB","@id":"https:\/\/nelvaresort.com\/#\/schema\/logo\/image\/","url":"https:\/\/nelvaresort.com\/wp-content\/uploads\/2023\/06\/nelva-resort-logo.png","contentUrl":"https:\/\/nelvaresort.com\/wp-content\/uploads\/2023\/06\/nelva-resort-logo.png","width":709,"height":709,"caption":"Aparthotel en Menorca | Nelva Resort"},"image":{"@id":"https:\/\/nelvaresort.com\/#\/schema\/logo\/image\/"},"sameAs":["https:\/\/www.facebook.com\/NelvaResortMenorca","https:\/\/www.instagram.com\/nelvaresortmenorca\/"]},{"@type":"Person","@id":"https:\/\/nelvaresort.com\/#\/schema\/person\/2e2c82831605b5d1dc065c510182b7ef","name":"LittHotels","image":{"@type":"ImageObject","inLanguage":"en-GB","@id":"https:\/\/nelvaresort.com\/#\/schema\/person\/image\/","url":"https:\/\/nelvaresort.com\/wp-content\/litespeed\/avatar\/f3cbe4ac27ac09ddf4fbb6c176eac63f.jpg?ver=1776972264","contentUrl":"https:\/\/nelvaresort.com\/wp-content\/litespeed\/avatar\/f3cbe4ac27ac09ddf4fbb6c176eac63f.jpg?ver=1776972264","caption":"LittHotels"}}]}},"_links":{"self":[{"href":"https:\/\/nelvaresort.com\/en\/wp-json\/wp\/v2\/posts\/3913","targetHints":{"allow":["GET"]}}],"collection":[{"href":"https:\/\/nelvaresort.com\/en\/wp-json\/wp\/v2\/posts"}],"about":[{"href":"https:\/\/nelvaresort.com\/en\/wp-json\/wp\/v2\/types\/post"}],"author":[{"embeddable":true,"href":"https:\/\/nelvaresort.com\/en\/wp-json\/wp\/v2\/users\/2"}],"replies":[{"embeddable":true,"href":"https:\/\/nelvaresort.com\/en\/wp-json\/wp\/v2\/comments?post=3913"}],"version-history":[{"count":6,"href":"https:\/\/nelvaresort.com\/en\/wp-json\/wp\/v2\/posts\/3913\/revisions"}],"predecessor-version":[{"id":4368,"href":"https:\/\/nelvaresort.com\/en\/wp-json\/wp\/v2\/posts\/3913\/revisions\/4368"}],"wp:featuredmedia":[{"embeddable":true,"href":"https:\/\/nelvaresort.com\/en\/wp-json\/wp\/v2\/media\/3916"}],"wp:attachment":[{"href":"https:\/\/nelvaresort.com\/en\/wp-json\/wp\/v2\/media?parent=3913"}],"wp:term":[{"taxonomy":"category","embeddable":true,"href":"https:\/\/nelvaresort.com\/en\/wp-json\/wp\/v2\/categories?post=3913"},{"taxonomy":"post_tag","embeddable":true,"href":"https:\/\/nelvaresort.com\/en\/wp-json\/wp\/v2\/tags?post=3913"}],"curies":[{"name":"wp","href":"https:\/\/api.w.org\/{rel}","templated":true}]}}