{"id":3913,"date":"2024-06-06T15:31:19","date_gmt":"2024-06-06T15:31:19","guid":{"rendered":"https:\/\/nelvaresort.com\/?p=3913"},"modified":"2025-12-04T15:45:04","modified_gmt":"2025-12-04T15:45:04","slug":"menorca-fiestas-de-sant-joan","status":"publish","type":"post","link":"https:\/\/nelvaresort.com\/ca\/menorca-fiestas-de-sant-joan\/","title":{"rendered":"Menorca : Festes de Sant Joan"},"content":{"rendered":"<div data-elementor-type=\"wp-post\" data-elementor-id=\"3913\" class=\"elementor elementor-3913\" data-elementor-post-type=\"post\">\n\t\t\t\t<div class=\"elementor-element elementor-element-463417c7 e-flex e-con-boxed e-con e-parent\" data-id=\"463417c7\" data-element_type=\"container\" data-e-type=\"container\">\n\t\t\t\t\t<div class=\"e-con-inner\">\n\t\t\t\t<div class=\"elementor-element elementor-element-2fce76d2 elementor-widget elementor-widget-text-editor\" data-id=\"2fce76d2\" data-element_type=\"widget\" data-e-type=\"widget\" data-widget_type=\"text-editor.default\">\n\t\t\t\t\t\t\t\t\t\n<h1 class=\"wp-block-heading\">Menorca : Festes de Sant Joan<\/h1>\n\n<p>Segur que mai haur\u00e0s sentit o llegit sobre les festes de Sant Joan a Menorca. S\u00f3n, sens dubte, una cosa meravellosa, plena de bellesa i d&#039;alegria, i \u00e9s per aix\u00f2 que milers de persones de tot arreu del m\u00f3n s&#039;acosten a l&#039;illa aquestes dates any rere any per no perdre&#039;s ni un detall.<\/p>\n\n<figure class=\"wp-block-image aligncenter size-full is-resized\">\n<figure id=\"attachment_3941\" aria-describedby=\"caption-attachment-3941\" style=\"width: 1024px\" class=\"wp-caption alignnone\"><img loading=\"lazy\" decoding=\"async\" class=\"wp-image-3941\" style=\"width: 576px; height: auto;\" title=\"forestes de menorca\" src=\"https:\/\/nelvaresort.com\/wp-content\/uploads\/2024\/06\/Menorca-4794r_FotoPRATSiCAMPS-15155301-e1639589429267-1024x604-1.jpg\" alt=\"forestes de menorca\" width=\"1024\" height=\"604\" \/><figcaption id=\"caption-attachment-3941\" class=\"wp-caption-text\">forestes de menorca<\/figcaption><\/figure>\n<figcaption class=\"wp-element-caption\">MENORCA. Festes patronals Sant Bartomeu a Ferreries. Jaleo amb cavalls i cavallers (tamb\u00e9 dons) al Pla de l&#039;Esgl\u00e8sia, davant de l&#039;Ajuntament. <br \/>FOTO: \u00a9PRATS i CAMPS<\/figcaption>\n<\/figure>\n\n<p>T&#039;ho perdr\u00e0s tu? No hauries de fer, ja que Sant Joan \u00e9s un festeig, on tradici\u00f3, m\u00fasica i guirigall s&#039;uneixen per donar un espectacle \u00fanic que b\u00e9 val una escapada a Menorca.<\/p>\n\n<p>A Nelva Resort trobar\u00e0s el refugi perfecte per descansar despr\u00e9s de la intensitat dels dos dies de festeig. Els nostres apartaments i les nostres instal\u00b7lacions et donaran tot el que necessites per passar una estada immillorable a Menorca, acosta&#039;t, vine, per\u00f2 no tardes a fer la reserva a la nostra web ja que aquestes dates gaudeixen de molta fama!<\/p>\n\n<h3 class=\"wp-block-heading\">Or\u00edgens de la Festa:<\/h3>\n\n<p>L&#039;origen de la festa de Sant Joan a Ciutadella es remunta a segles enrere, exactament set, quan els obrers del lloc, en romeria muntats a cavall, feien el cam\u00ed de Ciutadella fins a l&#039;ermita de Sant Joan de Missa, recollint donatius. Avui es recrea tot all\u00f2, i els diferents estaments socials de l&#039;\u00e8poca s\u00f3n clarament representats seguint a ulls clucs cada detall. Aix\u00ed doncs els genets abillats amb el vestit \u201cde just\u201d, que combina els colors blanc i negre, a lloms de cavalls sementals majorit\u00e0riament de ra\u00e7a menorquina, recorren els carrers de la poblaci\u00f3.<\/p>\n\n<figure class=\"wp-block-image aligncenter size-full\"><img loading=\"lazy\" decoding=\"async\" width=\"500\" height=\"302\" class=\"wp-image-3920\" src=\"https:\/\/nelvaresort.com\/wp-content\/uploads\/2024\/06\/Jaleo-inici-s.-XX.jpg\" alt=\"\" \/><\/figure>\n\n<h3 class=\"wp-block-heading\">El m\u00e9s representatiu de la Festa:<\/h3>\n\n<p>Tots hem vist alguna vegada les belles imatges dels cavalls negres sobre les dues potes del darrere, al\u00e7ant-se majestuosament entre la gentada, havent entrat a la Pla\u00e7a del Born a galop. L&#039;emoci\u00f3 es palpa a l&#039;aire, la gent s&#039;amuntega per veure l&#039;espectacle tan \u00fanic mentre els cavalls fan tres voltes a la pla\u00e7a al so de la m\u00fasica; \u00e9s el Caragol.<\/p>\n\n<figure class=\"wp-block-image aligncenter size-full\"><img loading=\"lazy\" decoding=\"async\" width=\"700\" height=\"350\" class=\"wp-image-3940\" src=\"https:\/\/nelvaresort.com\/wp-content\/uploads\/2024\/06\/fiestas_2.jpg\" alt=\"\" \/><\/figure>\n\n<p>\u00c9s un dels moments m\u00e9s impressionants de tota la festa, la for\u00e7a dels cavalls, juntament amb la seva bellesa i la seva pot\u00e8ncia deixen tot present bocabadat.<\/p>\n\n<h3 class=\"wp-block-heading\">Pren-te uns dies:<\/h3>\n\n<p>Les festes duren uns dies aix\u00ed que pren nota i reserva a la teva agenda uns quants per venir a Menorca i gaudir-ne amb nosaltres.<\/p>\n\n<p>El dissabte anterior al dia de Sant Joan t\u00e9 lloc a Ciutadella el primer dels actes: <strong>La Vetlla des Be, seguit del Dia des Be.<\/strong> En tots dos dies, el protagonista \u00e9s un xai blanc a qui es vetlla dissabte i que recorre els carrers de Ciutadella a lloms de l&#039;Homo descal\u00e7 diumenge. D&#039;aquesta manera \u00e9s com es d\u00f3na el tret de sortida a aquestes festes tan \u00faniques de Ciutadella.<\/p>\n\n<figure class=\"wp-block-image aligncenter size-full\"><img loading=\"lazy\" decoding=\"async\" width=\"488\" height=\"321\" class=\"wp-image-3944\" src=\"https:\/\/nelvaresort.com\/wp-content\/uploads\/2024\/06\/unnamed-3.jpg\" alt=\"\" \/><\/figure>\n\n<p>A banda del Caragol, del qual ja n&#039;hem parlat, els cavalls continuen sent protagonistes aquests dies. Aix\u00ed doncs \u00e9s imprescindible que siguis a Ciutadella tamb\u00e9 el dia 24 de juny. Els genets amb els seus cavalls participaran en diverses activitats dignes de veure, s\u00f3n els anomenats Jocs Des Pla. Hi ha les Carotades, joc en qu\u00e8 uns dels genets sost\u00e9 una careta i l&#039;altre ha d&#039;intentar trencar-la llan\u00e7ant una pedra, i tamb\u00e9 el Joc de l&#039;Ensortilla, moment en qu\u00e8 els cavallers, armats amb llances, es disposen a encertar de ple en una anella que s&#039;ha penjat pr\u00e8viament d&#039;un cable.<\/p>\n\n<figure class=\"wp-block-image aligncenter size-full is-resized\"><img loading=\"lazy\" decoding=\"async\" width=\"770\" height=\"474\" class=\"wp-image-3922\" style=\"width: 548px; height: auto;\" src=\"https:\/\/nelvaresort.com\/wp-content\/uploads\/2024\/06\/Jocs-Des-Pla-menorca.jpg\" alt=\"\" \/><\/figure>\n\n<p>Ciutadella es vesteix de gala, se senten les rialles, els aplaudiments, els crits d&#039;admiraci\u00f3 i els cascos dels cavalls repicant sobre les llambordes. Sant Joan \u00e9s sens dubte una gran celebraci\u00f3 aqu\u00ed a Menorca i \u00e9s per aix\u00f2 que no podeu deixar escapar l&#039;oportunitat de gaudir amb nosaltres.<\/p>\n\n<p>A Hotel Nelva trobar\u00e0s el lloc perfecte per passar els teus dies de vacances. L&#039;ambient relaxat i les nostres instal\u00b7lacions \u00e0mplies i c\u00f2modes seran el fermall d&#039;or. Desconnecta, i tom\u00e0quet uns dies lliures per gaudir de Menorca, del sol i de la festa. .<\/p>\n\n<p>Fes la teva reserva ja mateix, escull entre els nostres apartaments d&#039;una o dues habitacions totalment equipats per a tu, relaxa&#039;t a la nostra \u00e0mplia zona de piscina i meravella&#039;t amb les impressionants vistes.<\/p>\n\n<figure class=\"wp-block-image aligncenter size-full is-resized\"><img loading=\"lazy\" decoding=\"async\" width=\"1600\" height=\"1200\" class=\"wp-image-3710\" style=\"width: 529px; height: auto;\" src=\"https:\/\/nelvaresort.com\/wp-content\/uploads\/2024\/02\/d5413948-6a18-4472-bb8a-6a2461dae275.jpg\" alt=\"\" \/><\/figure>\n\n<p>T&#039;esperem!<\/p>\n\t\t\t\t\t\t\t\t<\/div>\n\t\t\t\t\t<\/div>\n\t\t\t\t<\/div>\n\t\t\t\t<\/div>","protected":false},"excerpt":{"rendered":"<p>Menorca : Fiestas de Sant Joan Seguro que alguna vez habr\u00e1s o\u00eddo o le\u00eddo acerca de las fiestas de Sant Joan en Menorca. Son, sin duda, algo maravilloso, lleno de belleza y de alegr\u00eda, y es por ello que miles de persona de todas partes del mundo se acercan a la isla en estas fechas [&hellip;]<\/p>\n","protected":false},"author":2,"featured_media":3916,"comment_status":"closed","ping_status":"closed","sticky":false,"template":"","format":"standard","meta":{"site-sidebar-layout":"default","site-content-layout":"","ast-site-content-layout":"default","site-content-style":"default","site-sidebar-style":"default","ast-global-header-display":"","ast-banner-title-visibility":"","ast-main-header-display":"","ast-hfb-above-header-display":"","ast-hfb-below-header-display":"","ast-hfb-mobile-header-display":"","site-post-title":"disabled","ast-breadcrumbs-content":"","ast-featured-img":"disabled","footer-sml-layout":"","theme-transparent-header-meta":"","adv-header-id-meta":"","stick-header-meta":"","header-above-stick-meta":"","header-main-stick-meta":"","header-below-stick-meta":"","astra-migrate-meta-layouts":"set","ast-page-background-enabled":"default","ast-page-background-meta":{"desktop":{"background-color":"","background-image":"","background-repeat":"repeat","background-position":"center center","background-size":"auto","background-attachment":"scroll","background-type":"","background-media":"","overlay-type":"","overlay-color":"","overlay-opacity":"","overlay-gradient":""},"tablet":{"background-color":"","background-image":"","background-repeat":"repeat","background-position":"center center","background-size":"auto","background-attachment":"scroll","background-type":"","background-media":"","overlay-type":"","overlay-color":"","overlay-opacity":"","overlay-gradient":""},"mobile":{"background-color":"","background-image":"","background-repeat":"repeat","background-position":"center center","background-size":"auto","background-attachment":"scroll","background-type":"","background-media":"","overlay-type":"","overlay-color":"","overlay-opacity":"","overlay-gradient":""}},"ast-content-background-meta":{"desktop":{"background-color":"var(--ast-global-color-5)","background-image":"","background-repeat":"repeat","background-position":"center center","background-size":"auto","background-attachment":"scroll","background-type":"","background-media":"","overlay-type":"","overlay-color":"","overlay-opacity":"","overlay-gradient":""},"tablet":{"background-color":"var(--ast-global-color-5)","background-image":"","background-repeat":"repeat","background-position":"center center","background-size":"auto","background-attachment":"scroll","background-type":"","background-media":"","overlay-type":"","overlay-color":"","overlay-opacity":"","overlay-gradient":""},"mobile":{"background-color":"var(--ast-global-color-5)","background-image":"","background-repeat":"repeat","background-position":"center center","background-size":"auto","background-attachment":"scroll","background-type":"","background-media":"","overlay-type":"","overlay-color":"","overlay-opacity":"","overlay-gradient":""}},"footnotes":""},"categories":[46],"tags":[],"class_list":["post-3913","post","type-post","status-publish","format-standard","has-post-thumbnail","hentry","category-fiestas-y-tradicion"],"yoast_head":"<!-- This site is optimized with the Yoast SEO plugin v26.6 - https:\/\/yoast.com\/wordpress\/plugins\/seo\/ -->\n<title>Menorca : Fiestas de Sant Joan | Aparthotel en Menorca<\/title>\n<meta name=\"description\" content=\"Descubre las Fiestas de Sant Joan en Menorca: caballos, tradici\u00f3n, m\u00fasica y ambiente \u00fanico en Ciutadella. Una celebraci\u00f3n imprescindible cerca de Nelva Resort.\" \/>\n<meta name=\"robots\" content=\"index, follow, max-snippet:-1, max-image-preview:large, max-video-preview:-1\" \/>\n<link rel=\"canonical\" href=\"https:\/\/nelvaresort.com\/ca\/menorca-fiestas-de-sant-joan\/\" \/>\n<meta property=\"og:locale\" content=\"ca_ES\" \/>\n<meta property=\"og:type\" content=\"article\" \/>\n<meta property=\"og:title\" content=\"Menorca : Fiestas de Sant Joan | Aparthotel en Menorca\" \/>\n<meta property=\"og:description\" content=\"Descubre las Fiestas de Sant Joan en Menorca: caballos, tradici\u00f3n, m\u00fasica y ambiente \u00fanico en Ciutadella. Una celebraci\u00f3n imprescindible cerca de Nelva Resort.\" \/>\n<meta property=\"og:url\" content=\"https:\/\/nelvaresort.com\/ca\/menorca-fiestas-de-sant-joan\/\" \/>\n<meta property=\"og:site_name\" content=\"Nelva Resort | Apartamentos en Menorca | Web Oficial\" \/>\n<meta property=\"article:publisher\" content=\"https:\/\/www.facebook.com\/NelvaResortMenorca\" \/>\n<meta property=\"article:published_time\" content=\"2024-06-06T15:31:19+00:00\" \/>\n<meta property=\"article:modified_time\" content=\"2025-12-04T15:45:04+00:00\" \/>\n<meta property=\"og:image\" content=\"https:\/\/nelvaresort.com\/wp-content\/uploads\/2024\/06\/EsMercdal_SantMarti_Jaleo_DSCN3853_T600.jpg\" \/>\n\t<meta property=\"og:image:width\" content=\"600\" \/>\n\t<meta property=\"og:image:height\" content=\"400\" \/>\n\t<meta property=\"og:image:type\" content=\"image\/jpeg\" \/>\n<meta name=\"author\" content=\"LittHotels\" \/>\n<meta name=\"twitter:card\" content=\"summary_large_image\" \/>\n<meta name=\"twitter:label1\" content=\"Escrit per\" \/>\n\t<meta name=\"twitter:data1\" content=\"LittHotels\" \/>\n\t<meta name=\"twitter:label2\" content=\"Temps estimat de lectura\" \/>\n\t<meta name=\"twitter:data2\" content=\"5 minuts\" \/>\n<script type=\"application\/ld+json\" class=\"yoast-schema-graph\">{\"@context\":\"https:\/\/schema.org\",\"@graph\":[{\"@type\":\"Article\",\"@id\":\"https:\/\/nelvaresort.com\/menorca-fiestas-de-sant-joan\/#article\",\"isPartOf\":{\"@id\":\"https:\/\/nelvaresort.com\/menorca-fiestas-de-sant-joan\/\"},\"author\":{\"name\":\"LittHotels\",\"@id\":\"https:\/\/nelvaresort.com\/#\/schema\/person\/2e2c82831605b5d1dc065c510182b7ef\"},\"headline\":\"Menorca : Fiestas de Sant Joan\",\"datePublished\":\"2024-06-06T15:31:19+00:00\",\"dateModified\":\"2025-12-04T15:45:04+00:00\",\"mainEntityOfPage\":{\"@id\":\"https:\/\/nelvaresort.com\/menorca-fiestas-de-sant-joan\/\"},\"wordCount\":783,\"publisher\":{\"@id\":\"https:\/\/nelvaresort.com\/#organization\"},\"image\":{\"@id\":\"https:\/\/nelvaresort.com\/menorca-fiestas-de-sant-joan\/#primaryimage\"},\"thumbnailUrl\":\"https:\/\/nelvaresort.com\/wp-content\/uploads\/2024\/06\/EsMercdal_SantMarti_Jaleo_DSCN3853_T600.jpg\",\"articleSection\":[\"fiestas y tradicion\"],\"inLanguage\":\"ca\"},{\"@type\":\"WebPage\",\"@id\":\"https:\/\/nelvaresort.com\/menorca-fiestas-de-sant-joan\/\",\"url\":\"https:\/\/nelvaresort.com\/menorca-fiestas-de-sant-joan\/\",\"name\":\"Menorca : Fiestas de Sant Joan | Aparthotel en Menorca\",\"isPartOf\":{\"@id\":\"https:\/\/nelvaresort.com\/#website\"},\"primaryImageOfPage\":{\"@id\":\"https:\/\/nelvaresort.com\/menorca-fiestas-de-sant-joan\/#primaryimage\"},\"image\":{\"@id\":\"https:\/\/nelvaresort.com\/menorca-fiestas-de-sant-joan\/#primaryimage\"},\"thumbnailUrl\":\"https:\/\/nelvaresort.com\/wp-content\/uploads\/2024\/06\/EsMercdal_SantMarti_Jaleo_DSCN3853_T600.jpg\",\"datePublished\":\"2024-06-06T15:31:19+00:00\",\"dateModified\":\"2025-12-04T15:45:04+00:00\",\"description\":\"Descubre las Fiestas de Sant Joan en Menorca: caballos, tradici\u00f3n, m\u00fasica y ambiente \u00fanico en Ciutadella. Una celebraci\u00f3n imprescindible cerca de Nelva Resort.\",\"breadcrumb\":{\"@id\":\"https:\/\/nelvaresort.com\/menorca-fiestas-de-sant-joan\/#breadcrumb\"},\"inLanguage\":\"ca\",\"potentialAction\":[{\"@type\":\"ReadAction\",\"target\":[\"https:\/\/nelvaresort.com\/menorca-fiestas-de-sant-joan\/\"]}]},{\"@type\":\"ImageObject\",\"inLanguage\":\"ca\",\"@id\":\"https:\/\/nelvaresort.com\/menorca-fiestas-de-sant-joan\/#primaryimage\",\"url\":\"https:\/\/nelvaresort.com\/wp-content\/uploads\/2024\/06\/EsMercdal_SantMarti_Jaleo_DSCN3853_T600.jpg\",\"contentUrl\":\"https:\/\/nelvaresort.com\/wp-content\/uploads\/2024\/06\/EsMercdal_SantMarti_Jaleo_DSCN3853_T600.jpg\",\"width\":600,\"height\":400},{\"@type\":\"BreadcrumbList\",\"@id\":\"https:\/\/nelvaresort.com\/menorca-fiestas-de-sant-joan\/#breadcrumb\",\"itemListElement\":[{\"@type\":\"ListItem\",\"position\":1,\"name\":\"Portada\",\"item\":\"https:\/\/nelvaresort.com\/\"},{\"@type\":\"ListItem\",\"position\":2,\"name\":\"Menorca : Fiestas de Sant Joan\"}]},{\"@type\":\"WebSite\",\"@id\":\"https:\/\/nelvaresort.com\/#website\",\"url\":\"https:\/\/nelvaresort.com\/\",\"name\":\"Aparthotel en Menorca | Nelva Resort\",\"description\":\"Apartamentos en Menorca al mejor precio. Aparthotel ubicado en la playa de Cala\u2019n Porter de Menorca. Reserva aqu\u00ed.\",\"publisher\":{\"@id\":\"https:\/\/nelvaresort.com\/#organization\"},\"potentialAction\":[{\"@type\":\"SearchAction\",\"target\":{\"@type\":\"EntryPoint\",\"urlTemplate\":\"https:\/\/nelvaresort.com\/?s={search_term_string}\"},\"query-input\":{\"@type\":\"PropertyValueSpecification\",\"valueRequired\":true,\"valueName\":\"search_term_string\"}}],\"inLanguage\":\"ca\"},{\"@type\":\"Organization\",\"@id\":\"https:\/\/nelvaresort.com\/#organization\",\"name\":\"Aparthotel en Menorca | Nelva Resort\",\"url\":\"https:\/\/nelvaresort.com\/\",\"logo\":{\"@type\":\"ImageObject\",\"inLanguage\":\"ca\",\"@id\":\"https:\/\/nelvaresort.com\/#\/schema\/logo\/image\/\",\"url\":\"https:\/\/nelvaresort.com\/wp-content\/uploads\/2023\/06\/nelva-resort-logo.png\",\"contentUrl\":\"https:\/\/nelvaresort.com\/wp-content\/uploads\/2023\/06\/nelva-resort-logo.png\",\"width\":709,\"height\":709,\"caption\":\"Aparthotel en Menorca | Nelva Resort\"},\"image\":{\"@id\":\"https:\/\/nelvaresort.com\/#\/schema\/logo\/image\/\"},\"sameAs\":[\"https:\/\/www.facebook.com\/NelvaResortMenorca\",\"https:\/\/www.instagram.com\/nelvaresortmenorca\/\"]},{\"@type\":\"Person\",\"@id\":\"https:\/\/nelvaresort.com\/#\/schema\/person\/2e2c82831605b5d1dc065c510182b7ef\",\"name\":\"LittHotels\",\"image\":{\"@type\":\"ImageObject\",\"inLanguage\":\"ca\",\"@id\":\"https:\/\/nelvaresort.com\/#\/schema\/person\/image\/\",\"url\":\"https:\/\/nelvaresort.com\/wp-content\/litespeed\/avatar\/f3cbe4ac27ac09ddf4fbb6c176eac63f.jpg?ver=1777578004\",\"contentUrl\":\"https:\/\/nelvaresort.com\/wp-content\/litespeed\/avatar\/f3cbe4ac27ac09ddf4fbb6c176eac63f.jpg?ver=1777578004\",\"caption\":\"LittHotels\"}}]}<\/script>\n<!-- \/ Yoast SEO plugin. -->","yoast_head_json":{"title":"Menorca : Festes de Sant Joan | Aparthotel a Menorca","description":"Descobreix les Festes de Sant Joan a Menorca: cavalls, tradici\u00f3, m\u00fasica i ambient \u00fanic a Ciutadella. Una celebraci\u00f3 imprescindible a prop de Nelva Resort.","robots":{"index":"index","follow":"follow","max-snippet":"max-snippet:-1","max-image-preview":"max-image-preview:large","max-video-preview":"max-video-preview:-1"},"canonical":"https:\/\/nelvaresort.com\/ca\/menorca-fiestas-de-sant-joan\/","og_locale":"ca_ES","og_type":"article","og_title":"Menorca : Fiestas de Sant Joan | Aparthotel en Menorca","og_description":"Descubre las Fiestas de Sant Joan en Menorca: caballos, tradici\u00f3n, m\u00fasica y ambiente \u00fanico en Ciutadella. Una celebraci\u00f3n imprescindible cerca de Nelva Resort.","og_url":"https:\/\/nelvaresort.com\/ca\/menorca-fiestas-de-sant-joan\/","og_site_name":"Nelva Resort | Apartamentos en Menorca | Web Oficial","article_publisher":"https:\/\/www.facebook.com\/NelvaResortMenorca","article_published_time":"2024-06-06T15:31:19+00:00","article_modified_time":"2025-12-04T15:45:04+00:00","og_image":[{"width":600,"height":400,"url":"https:\/\/nelvaresort.com\/wp-content\/uploads\/2024\/06\/EsMercdal_SantMarti_Jaleo_DSCN3853_T600.jpg","type":"image\/jpeg"}],"author":"LittHotels","twitter_card":"summary_large_image","twitter_misc":{"Escrit per":"LittHotels","Temps estimat de lectura":"5 minuts"},"schema":{"@context":"https:\/\/schema.org","@graph":[{"@type":"Article","@id":"https:\/\/nelvaresort.com\/menorca-fiestas-de-sant-joan\/#article","isPartOf":{"@id":"https:\/\/nelvaresort.com\/menorca-fiestas-de-sant-joan\/"},"author":{"name":"LittHotels","@id":"https:\/\/nelvaresort.com\/#\/schema\/person\/2e2c82831605b5d1dc065c510182b7ef"},"headline":"Menorca : Fiestas de Sant Joan","datePublished":"2024-06-06T15:31:19+00:00","dateModified":"2025-12-04T15:45:04+00:00","mainEntityOfPage":{"@id":"https:\/\/nelvaresort.com\/menorca-fiestas-de-sant-joan\/"},"wordCount":783,"publisher":{"@id":"https:\/\/nelvaresort.com\/#organization"},"image":{"@id":"https:\/\/nelvaresort.com\/menorca-fiestas-de-sant-joan\/#primaryimage"},"thumbnailUrl":"https:\/\/nelvaresort.com\/wp-content\/uploads\/2024\/06\/EsMercdal_SantMarti_Jaleo_DSCN3853_T600.jpg","articleSection":["fiestas y tradicion"],"inLanguage":"ca"},{"@type":"WebPage","@id":"https:\/\/nelvaresort.com\/menorca-fiestas-de-sant-joan\/","url":"https:\/\/nelvaresort.com\/menorca-fiestas-de-sant-joan\/","name":"Menorca : Festes de Sant Joan | Aparthotel a Menorca","isPartOf":{"@id":"https:\/\/nelvaresort.com\/#website"},"primaryImageOfPage":{"@id":"https:\/\/nelvaresort.com\/menorca-fiestas-de-sant-joan\/#primaryimage"},"image":{"@id":"https:\/\/nelvaresort.com\/menorca-fiestas-de-sant-joan\/#primaryimage"},"thumbnailUrl":"https:\/\/nelvaresort.com\/wp-content\/uploads\/2024\/06\/EsMercdal_SantMarti_Jaleo_DSCN3853_T600.jpg","datePublished":"2024-06-06T15:31:19+00:00","dateModified":"2025-12-04T15:45:04+00:00","description":"Descobreix les Festes de Sant Joan a Menorca: cavalls, tradici\u00f3, m\u00fasica i ambient \u00fanic a Ciutadella. Una celebraci\u00f3 imprescindible a prop de Nelva Resort.","breadcrumb":{"@id":"https:\/\/nelvaresort.com\/menorca-fiestas-de-sant-joan\/#breadcrumb"},"inLanguage":"ca","potentialAction":[{"@type":"ReadAction","target":["https:\/\/nelvaresort.com\/menorca-fiestas-de-sant-joan\/"]}]},{"@type":"ImageObject","inLanguage":"ca","@id":"https:\/\/nelvaresort.com\/menorca-fiestas-de-sant-joan\/#primaryimage","url":"https:\/\/nelvaresort.com\/wp-content\/uploads\/2024\/06\/EsMercdal_SantMarti_Jaleo_DSCN3853_T600.jpg","contentUrl":"https:\/\/nelvaresort.com\/wp-content\/uploads\/2024\/06\/EsMercdal_SantMarti_Jaleo_DSCN3853_T600.jpg","width":600,"height":400},{"@type":"BreadcrumbList","@id":"https:\/\/nelvaresort.com\/menorca-fiestas-de-sant-joan\/#breadcrumb","itemListElement":[{"@type":"ListItem","position":1,"name":"Portada","item":"https:\/\/nelvaresort.com\/"},{"@type":"ListItem","position":2,"name":"Menorca : Fiestas de Sant Joan"}]},{"@type":"WebSite","@id":"https:\/\/nelvaresort.com\/#website","url":"https:\/\/nelvaresort.com\/","name":"Apartahotel a Menorca | Nelva Resort","description":"Apartaments a Menorca al millor preu. Aparthotel ubicat a la platja de Cala&#039;n Porter de Menorca. Reserva aqu\u00ed.","publisher":{"@id":"https:\/\/nelvaresort.com\/#organization"},"potentialAction":[{"@type":"SearchAction","target":{"@type":"EntryPoint","urlTemplate":"https:\/\/nelvaresort.com\/?s={search_term_string}"},"query-input":{"@type":"PropertyValueSpecification","valueRequired":true,"valueName":"search_term_string"}}],"inLanguage":"ca"},{"@type":"Organization","@id":"https:\/\/nelvaresort.com\/#organization","name":"Apartahotel a Menorca | Nelva Resort","url":"https:\/\/nelvaresort.com\/","logo":{"@type":"ImageObject","inLanguage":"ca","@id":"https:\/\/nelvaresort.com\/#\/schema\/logo\/image\/","url":"https:\/\/nelvaresort.com\/wp-content\/uploads\/2023\/06\/nelva-resort-logo.png","contentUrl":"https:\/\/nelvaresort.com\/wp-content\/uploads\/2023\/06\/nelva-resort-logo.png","width":709,"height":709,"caption":"Aparthotel en Menorca | Nelva Resort"},"image":{"@id":"https:\/\/nelvaresort.com\/#\/schema\/logo\/image\/"},"sameAs":["https:\/\/www.facebook.com\/NelvaResortMenorca","https:\/\/www.instagram.com\/nelvaresortmenorca\/"]},{"@type":"Person","@id":"https:\/\/nelvaresort.com\/#\/schema\/person\/2e2c82831605b5d1dc065c510182b7ef","name":"LittHotels","image":{"@type":"ImageObject","inLanguage":"ca","@id":"https:\/\/nelvaresort.com\/#\/schema\/person\/image\/","url":"https:\/\/nelvaresort.com\/wp-content\/litespeed\/avatar\/f3cbe4ac27ac09ddf4fbb6c176eac63f.jpg?ver=1777578004","contentUrl":"https:\/\/nelvaresort.com\/wp-content\/litespeed\/avatar\/f3cbe4ac27ac09ddf4fbb6c176eac63f.jpg?ver=1777578004","caption":"LittHotels"}}]}},"_links":{"self":[{"href":"https:\/\/nelvaresort.com\/ca\/wp-json\/wp\/v2\/posts\/3913","targetHints":{"allow":["GET"]}}],"collection":[{"href":"https:\/\/nelvaresort.com\/ca\/wp-json\/wp\/v2\/posts"}],"about":[{"href":"https:\/\/nelvaresort.com\/ca\/wp-json\/wp\/v2\/types\/post"}],"author":[{"embeddable":true,"href":"https:\/\/nelvaresort.com\/ca\/wp-json\/wp\/v2\/users\/2"}],"replies":[{"embeddable":true,"href":"https:\/\/nelvaresort.com\/ca\/wp-json\/wp\/v2\/comments?post=3913"}],"version-history":[{"count":6,"href":"https:\/\/nelvaresort.com\/ca\/wp-json\/wp\/v2\/posts\/3913\/revisions"}],"predecessor-version":[{"id":4368,"href":"https:\/\/nelvaresort.com\/ca\/wp-json\/wp\/v2\/posts\/3913\/revisions\/4368"}],"wp:featuredmedia":[{"embeddable":true,"href":"https:\/\/nelvaresort.com\/ca\/wp-json\/wp\/v2\/media\/3916"}],"wp:attachment":[{"href":"https:\/\/nelvaresort.com\/ca\/wp-json\/wp\/v2\/media?parent=3913"}],"wp:term":[{"taxonomy":"category","embeddable":true,"href":"https:\/\/nelvaresort.com\/ca\/wp-json\/wp\/v2\/categories?post=3913"},{"taxonomy":"post_tag","embeddable":true,"href":"https:\/\/nelvaresort.com\/ca\/wp-json\/wp\/v2\/tags?post=3913"}],"curies":[{"name":"wp","href":"https:\/\/api.w.org\/{rel}","templated":true}]}}