{"id":3695,"date":"2024-02-20T18:52:02","date_gmt":"2024-02-20T18:52:02","guid":{"rendered":"https:\/\/nelvaresort.com\/?p=3695"},"modified":"2025-12-04T15:46:29","modified_gmt":"2025-12-04T15:46:29","slug":"ruta-de-4-dias-en-menorca","status":"publish","type":"post","link":"https:\/\/nelvaresort.com\/ca\/ruta-de-4-dias-en-menorca\/","title":{"rendered":"Ruta de 4 dies a Menorca"},"content":{"rendered":"<div data-elementor-type=\"wp-post\" data-elementor-id=\"3695\" class=\"elementor elementor-3695\" data-elementor-post-type=\"post\">\n\t\t\t\t<div class=\"elementor-element elementor-element-2d73cdf6 e-flex e-con-boxed e-con e-parent\" data-id=\"2d73cdf6\" data-element_type=\"container\" data-e-type=\"container\">\n\t\t\t\t\t<div class=\"e-con-inner\">\n\t\t\t\t<div class=\"elementor-element elementor-element-1a1ab188 elementor-widget elementor-widget-text-editor\" data-id=\"1a1ab188\" data-element_type=\"widget\" data-e-type=\"widget\" data-widget_type=\"text-editor.default\">\n\t\t\t\t\t\t\t\t\t\n<h1 class=\"wp-block-heading\">Ruta de 4 dies a Menorca<\/h1>\n\n<h2 class=\"wp-block-heading\">Dia 1: Ma\u00f3 i Ciutadella<\/h2>\n\n<p>Mat\u00ed: Comen\u00e7a el teu dia a Ma\u00f3, la capital de Menorca. Visita el Port de Ma\u00f3, un dels ports naturals m\u00e9s grans del m\u00f3n. Passegeu pel nucli antic i visiteu l&#039;esgl\u00e9sia de Santa Maria i l&#039;esgl\u00e9sia del Carme.<\/p>\n\n<figure class=\"wp-block-image aligncenter size-full is-resized\">\n<figure id=\"attachment_3713\" aria-describedby=\"caption-attachment-3713\" style=\"width: 1800px\" class=\"wp-caption alignnone\"><img loading=\"lazy\" decoding=\"async\" class=\"wp-image-3713\" style=\"aspect-ratio: 1.3333333333333333; object-fit: cover; width: 540px; height: auto;\" src=\"https:\/\/nelvaresort.com\/wp-content\/uploads\/2024\/02\/que-ver-en-mahon.jpg\" alt=\"Coses a menorca\" width=\"1800\" height=\"1075\" \/><figcaption id=\"caption-attachment-3713\" class=\"wp-caption-text\">Coses a menorca<\/figcaption><\/figure>\n<\/figure>\n\n<p>Tarda: Despr\u00e9s de dinar, adre\u00e7a&#039;t a Ciutadella, l&#039;antiga capital de Menorca. Explora el nucli antic i visita la Catedral de Santa Maria, el port i el mercat local.<\/p>\n\n<p>Nit: Gaudeix de la posta de sol des del Pont d&#039;en Gil, toca seure davant, al capdamunt del penya-segat ve\u00ed i observar la bellesa del paisatge.\u00a0<\/p>\n\n<figure class=\"wp-block-image aligncenter size-full is-resized\"><img loading=\"lazy\" decoding=\"async\" width=\"1536\" height=\"2048\" class=\"wp-image-3699\" style=\"aspect-ratio: 1.3333333333333333; object-fit: cover; width: 541px; height: auto;\" src=\"https:\/\/nelvaresort.com\/wp-content\/uploads\/2024\/02\/WhatsApp-Image-2024-02-15-at-14.13.39.jpeg\" alt=\"\" \/><\/figure>\n\n<h2 class=\"wp-block-heading\">Dia 2: Platges del Nord i Binibeca<\/h2>\n\n<p>Mat\u00ed i tarda: Dedica aquest dia a explorar les belles platges del nord de Menorca. Algunes opcions s\u00f3n Cala Pregonda, Cala Cavalleria i Platja de Binimel\u00b7l\u00e0. Gaudiu del sol i el mar en aquestes cales d&#039;aig\u00fces cristal\u00b7lines. A m\u00e9s, aprofita per visitar el petit poble mar\u00edtim i pesquer de Binibeca, \u00e9s sens dubte un dels m\u00e9s bonics de l&#039;illa. Casetes i carrerons blancs i plens d&#039;encant.<\/p>\n\n<figure class=\"wp-block-image aligncenter size-full is-resized\"><img loading=\"lazy\" decoding=\"async\" width=\"900\" height=\"599\" class=\"wp-image-3711\" style=\"aspect-ratio: 1.3333333333333333; object-fit: cover; width: 555px; height: auto;\" src=\"https:\/\/nelvaresort.com\/wp-content\/uploads\/2024\/02\/binibeca-vell-casa.jpg\" alt=\"\" \/><\/figure>\n\n<figure class=\"wp-block-image aligncenter size-full is-resized\"><img loading=\"lazy\" decoding=\"async\" width=\"3024\" height=\"4032\" class=\"wp-image-3707\" style=\"aspect-ratio: 1.3333333333333333; object-fit: cover; width: 557px; height: auto;\" src=\"https:\/\/nelvaresort.com\/wp-content\/uploads\/2024\/02\/IMG_3213.jpg\" alt=\"\" \/><\/figure>\n\n<p>Nit: Gaudeix de la varietat i qualitat de la nostra carta i relaxa&#039;t a la terrassa del nostre bar-restaurant amb m\u00fasica ambient en directe.<\/p>\n\n<figure class=\"wp-block-image aligncenter size-full is-resized\"><img loading=\"lazy\" decoding=\"async\" width=\"1600\" height=\"1200\" class=\"wp-image-3712\" style=\"object-fit: cover; width: 555px; height: auto;\" src=\"https:\/\/nelvaresort.com\/wp-content\/uploads\/2024\/02\/WhatsApp-Image-2024-02-20-at-19.45.07.jpeg\" alt=\"\" \/><\/figure>\n\n<h2 class=\"wp-block-heading\">Dia 3: Parc Natural de s&#039;Albufera des Grau i Fornells<\/h2>\n\n<p>Mat\u00ed: Visita el Parc Natural de s&#039;Albufera des Grau, una \u00e0rea protegida amb una gran varietat de flora i fauna. Podeu fer senderisme pels senders del parc i gaudir de la natura.<\/p>\n\n<figure class=\"wp-block-image aligncenter size-full is-resized\"><img loading=\"lazy\" decoding=\"async\" width=\"3024\" height=\"4032\" class=\"wp-image-3709\" style=\"aspect-ratio: 1.3333333333333333; object-fit: cover; width: 500px; height: auto;\" src=\"https:\/\/nelvaresort.com\/wp-content\/uploads\/2024\/02\/IMG_6341.jpg\" alt=\"\" \/><\/figure>\n\n<p>Tarda: Despr\u00e9s, dirigeix-te a Fornells, un encantador poble de pescadors conegut per la seva deliciosa caldereta de llagosta. Passeja pel port i tasta aquest plat t\u00edpic en un dels restaurants locals.<\/p>\n\n<figure class=\"wp-block-image aligncenter size-full is-resized\"><img loading=\"lazy\" decoding=\"async\" width=\"899\" height=\"1599\" class=\"wp-image-3701\" style=\"aspect-ratio: 1.3333333333333333; object-fit: cover; width: 480px; height: auto;\" src=\"https:\/\/nelvaresort.com\/wp-content\/uploads\/2024\/02\/WhatsApp-Image-2024-02-20-at-19.05.47.jpeg\" alt=\"\" \/><\/figure>\n\n<p>Nit: Gaudeix d\u00b4una tranquil\u00b7la nit a Fornells.<\/p>\n\n<h2 class=\"wp-block-heading\">Dia 4: Platges del Sud i Coves<\/h2>\n\n<p>Mat\u00ed: Relaxa&#039;t a alguna de les platges del sud de Menorca, com la Cala&#039;n Porter, situada just al costat del nostre hotel o la Cala a Turqueta, una de les joies de Menorca que ha estat escenari d&#039;un anunci d&#039;Estrella Damm.\u00a0<\/p>\n\n<figure class=\"wp-block-image aligncenter size-full is-resized\"><img loading=\"lazy\" decoding=\"async\" width=\"768\" height=\"1024\" class=\"wp-image-3700\" style=\"aspect-ratio: 4\/3; object-fit: cover; width: 502px; height: auto;\" src=\"https:\/\/nelvaresort.com\/wp-content\/uploads\/2024\/02\/5767ea00-845c-4f4b-93c3-2fcb7d2d1b66.jpg\" alt=\"\" \/><\/figure>\n\n<p>Tarda: Visita i relaxa&#039;t a la Cala Macarella oa la cala germana Macarelleta, platges verges amb sorra blanca i aig\u00fces cristal\u00b7lines de blau turquesa.<\/p>\n\n<figure class=\"wp-block-image aligncenter size-full is-resized\"><img loading=\"lazy\" decoding=\"async\" width=\"3024\" height=\"4032\" class=\"wp-image-3705\" style=\"aspect-ratio: 1.3333333333333333; object-fit: cover; width: 531px; height: auto;\" src=\"https:\/\/nelvaresort.com\/wp-content\/uploads\/2024\/02\/IMG_2870.jpg\" alt=\"\" \/><\/figure>\n\n<p>Nit: Visiteu la Cova d&#039;en Xoroi, una cova natural amb impressionants vistes panor\u00e0miques al mar i ambient nocturn. Ideal per gaudir del capvespre.<\/p>\n\n<figure class=\"wp-block-image aligncenter size-full is-resized\"><img loading=\"lazy\" decoding=\"async\" width=\"1024\" height=\"683\" class=\"wp-image-3706\" style=\"width: 560px; height: auto;\" src=\"https:\/\/nelvaresort.com\/wp-content\/uploads\/2024\/02\/covadenxoroi01.jpg\" alt=\"\" \/><\/figure>\n\n<p>No ho dubtis, vine a gaudir uns dies de relax i natura a Menorca. Al nostre aparthotel trobar\u00e0s tot el que necessites per fer d&#039;aquestes les teves millors vacances, tu posa la il\u00b7lusi\u00f3, nosaltres posem les instal\u00b7lacions!<\/p>\n\n<figure class=\"wp-block-image aligncenter size-full is-resized\"><img loading=\"lazy\" decoding=\"async\" width=\"1600\" height=\"1200\" class=\"wp-image-3716\" style=\"object-fit: cover; width: 557px; height: auto;\" src=\"https:\/\/nelvaresort.com\/wp-content\/uploads\/2024\/02\/2017-06-12-PHOTO-00001227.jpg\" alt=\"\" \/><\/figure>\n\t\t\t\t\t\t\t\t<\/div>\n\t\t\t\t\t<\/div>\n\t\t\t\t<\/div>\n\t\t\t\t<\/div>","protected":false},"excerpt":{"rendered":"<p>Ruta de 4 d\u00edas en Menorca D\u00eda 1: Mah\u00f3n y Ciutadella Ma\u00f1ana: Comienza tu d\u00eda en Mah\u00f3n, la capital de Menorca. Visita el Puerto de Mah\u00f3n, uno de los puertos naturales m\u00e1s grandes del mundo. Pasea por el casco antiguo y visita la iglesia de Santa Mar\u00eda y la iglesia del Carmen. Tarde: Despu\u00e9s de [&hellip;]<\/p>\n","protected":false},"author":2,"featured_media":3706,"comment_status":"closed","ping_status":"closed","sticky":false,"template":"","format":"standard","meta":{"site-sidebar-layout":"default","site-content-layout":"","ast-site-content-layout":"default","site-content-style":"default","site-sidebar-style":"default","ast-global-header-display":"","ast-banner-title-visibility":"","ast-main-header-display":"","ast-hfb-above-header-display":"","ast-hfb-below-header-display":"","ast-hfb-mobile-header-display":"","site-post-title":"disabled","ast-breadcrumbs-content":"","ast-featured-img":"disabled","footer-sml-layout":"","theme-transparent-header-meta":"","adv-header-id-meta":"","stick-header-meta":"","header-above-stick-meta":"","header-main-stick-meta":"","header-below-stick-meta":"","astra-migrate-meta-layouts":"set","ast-page-background-enabled":"default","ast-page-background-meta":{"desktop":{"background-color":"","background-image":"","background-repeat":"repeat","background-position":"center center","background-size":"auto","background-attachment":"scroll","background-type":"","background-media":"","overlay-type":"","overlay-color":"","overlay-opacity":"","overlay-gradient":""},"tablet":{"background-color":"","background-image":"","background-repeat":"repeat","background-position":"center center","background-size":"auto","background-attachment":"scroll","background-type":"","background-media":"","overlay-type":"","overlay-color":"","overlay-opacity":"","overlay-gradient":""},"mobile":{"background-color":"","background-image":"","background-repeat":"repeat","background-position":"center center","background-size":"auto","background-attachment":"scroll","background-type":"","background-media":"","overlay-type":"","overlay-color":"","overlay-opacity":"","overlay-gradient":""}},"ast-content-background-meta":{"desktop":{"background-color":"var(--ast-global-color-5)","background-image":"","background-repeat":"repeat","background-position":"center center","background-size":"auto","background-attachment":"scroll","background-type":"","background-media":"","overlay-type":"","overlay-color":"","overlay-opacity":"","overlay-gradient":""},"tablet":{"background-color":"var(--ast-global-color-5)","background-image":"","background-repeat":"repeat","background-position":"center center","background-size":"auto","background-attachment":"scroll","background-type":"","background-media":"","overlay-type":"","overlay-color":"","overlay-opacity":"","overlay-gradient":""},"mobile":{"background-color":"var(--ast-global-color-5)","background-image":"","background-repeat":"repeat","background-position":"center center","background-size":"auto","background-attachment":"scroll","background-type":"","background-media":"","overlay-type":"","overlay-color":"","overlay-opacity":"","overlay-gradient":""}},"footnotes":""},"categories":[45],"tags":[],"class_list":["post-3695","post","type-post","status-publish","format-standard","has-post-thumbnail","hentry","category-turismo-por-menorca"],"yoast_head":"<!-- This site is optimized with the Yoast SEO plugin v26.6 - https:\/\/yoast.com\/wordpress\/plugins\/seo\/ -->\n<title>Ruta de 4 d\u00edas en Menorca | Aparthotel en Menorca<\/title>\n<meta name=\"description\" content=\"Planifica tu ruta de 4 d\u00edas en Menorca: playas, pueblos, faros y lugares imprescindibles para disfrutar la isla al m\u00e1ximo durante tu estancia en Nelva Resort.\" \/>\n<meta name=\"robots\" content=\"index, follow, max-snippet:-1, max-image-preview:large, max-video-preview:-1\" \/>\n<link rel=\"canonical\" href=\"https:\/\/nelvaresort.com\/ca\/ruta-de-4-dias-en-menorca\/\" \/>\n<meta property=\"og:locale\" content=\"ca_ES\" \/>\n<meta property=\"og:type\" content=\"article\" \/>\n<meta property=\"og:title\" content=\"Ruta de 4 d\u00edas en Menorca | Aparthotel en Menorca\" \/>\n<meta property=\"og:description\" content=\"Planifica tu ruta de 4 d\u00edas en Menorca: playas, pueblos, faros y lugares imprescindibles para disfrutar la isla al m\u00e1ximo durante tu estancia en Nelva Resort.\" \/>\n<meta property=\"og:url\" content=\"https:\/\/nelvaresort.com\/ca\/ruta-de-4-dias-en-menorca\/\" \/>\n<meta property=\"og:site_name\" content=\"Nelva Resort | Apartamentos en Menorca | Web Oficial\" \/>\n<meta property=\"article:publisher\" content=\"https:\/\/www.facebook.com\/NelvaResortMenorca\" \/>\n<meta property=\"article:published_time\" content=\"2024-02-20T18:52:02+00:00\" \/>\n<meta property=\"article:modified_time\" content=\"2025-12-04T15:46:29+00:00\" \/>\n<meta property=\"og:image\" content=\"https:\/\/nelvaresort.com\/wp-content\/uploads\/2024\/02\/covadenxoroi01.jpg\" \/>\n\t<meta property=\"og:image:width\" content=\"1024\" \/>\n\t<meta property=\"og:image:height\" content=\"683\" \/>\n\t<meta property=\"og:image:type\" content=\"image\/jpeg\" \/>\n<meta name=\"author\" content=\"LittHotels\" \/>\n<meta name=\"twitter:card\" content=\"summary_large_image\" \/>\n<meta name=\"twitter:label1\" content=\"Escrit per\" \/>\n\t<meta name=\"twitter:data1\" content=\"LittHotels\" \/>\n\t<meta name=\"twitter:label2\" content=\"Temps estimat de lectura\" \/>\n\t<meta name=\"twitter:data2\" content=\"5 minuts\" \/>\n<script type=\"application\/ld+json\" class=\"yoast-schema-graph\">{\"@context\":\"https:\/\/schema.org\",\"@graph\":[{\"@type\":\"Article\",\"@id\":\"https:\/\/nelvaresort.com\/ruta-de-4-dias-en-menorca\/#article\",\"isPartOf\":{\"@id\":\"https:\/\/nelvaresort.com\/ruta-de-4-dias-en-menorca\/\"},\"author\":{\"name\":\"LittHotels\",\"@id\":\"https:\/\/nelvaresort.com\/#\/schema\/person\/2e2c82831605b5d1dc065c510182b7ef\"},\"headline\":\"Ruta de 4 d\u00edas en Menorca\",\"datePublished\":\"2024-02-20T18:52:02+00:00\",\"dateModified\":\"2025-12-04T15:46:29+00:00\",\"mainEntityOfPage\":{\"@id\":\"https:\/\/nelvaresort.com\/ruta-de-4-dias-en-menorca\/\"},\"wordCount\":478,\"publisher\":{\"@id\":\"https:\/\/nelvaresort.com\/#organization\"},\"image\":{\"@id\":\"https:\/\/nelvaresort.com\/ruta-de-4-dias-en-menorca\/#primaryimage\"},\"thumbnailUrl\":\"https:\/\/nelvaresort.com\/wp-content\/uploads\/2024\/02\/covadenxoroi01.jpg\",\"articleSection\":[\"Turismo por Menorca\"],\"inLanguage\":\"ca\"},{\"@type\":\"WebPage\",\"@id\":\"https:\/\/nelvaresort.com\/ruta-de-4-dias-en-menorca\/\",\"url\":\"https:\/\/nelvaresort.com\/ruta-de-4-dias-en-menorca\/\",\"name\":\"Ruta de 4 d\u00edas en Menorca | Aparthotel en Menorca\",\"isPartOf\":{\"@id\":\"https:\/\/nelvaresort.com\/#website\"},\"primaryImageOfPage\":{\"@id\":\"https:\/\/nelvaresort.com\/ruta-de-4-dias-en-menorca\/#primaryimage\"},\"image\":{\"@id\":\"https:\/\/nelvaresort.com\/ruta-de-4-dias-en-menorca\/#primaryimage\"},\"thumbnailUrl\":\"https:\/\/nelvaresort.com\/wp-content\/uploads\/2024\/02\/covadenxoroi01.jpg\",\"datePublished\":\"2024-02-20T18:52:02+00:00\",\"dateModified\":\"2025-12-04T15:46:29+00:00\",\"description\":\"Planifica tu ruta de 4 d\u00edas en Menorca: playas, pueblos, faros y lugares imprescindibles para disfrutar la isla al m\u00e1ximo durante tu estancia en Nelva Resort.\",\"breadcrumb\":{\"@id\":\"https:\/\/nelvaresort.com\/ruta-de-4-dias-en-menorca\/#breadcrumb\"},\"inLanguage\":\"ca\",\"potentialAction\":[{\"@type\":\"ReadAction\",\"target\":[\"https:\/\/nelvaresort.com\/ruta-de-4-dias-en-menorca\/\"]}]},{\"@type\":\"ImageObject\",\"inLanguage\":\"ca\",\"@id\":\"https:\/\/nelvaresort.com\/ruta-de-4-dias-en-menorca\/#primaryimage\",\"url\":\"https:\/\/nelvaresort.com\/wp-content\/uploads\/2024\/02\/covadenxoroi01.jpg\",\"contentUrl\":\"https:\/\/nelvaresort.com\/wp-content\/uploads\/2024\/02\/covadenxoroi01.jpg\",\"width\":1024,\"height\":683},{\"@type\":\"BreadcrumbList\",\"@id\":\"https:\/\/nelvaresort.com\/ruta-de-4-dias-en-menorca\/#breadcrumb\",\"itemListElement\":[{\"@type\":\"ListItem\",\"position\":1,\"name\":\"Portada\",\"item\":\"https:\/\/nelvaresort.com\/\"},{\"@type\":\"ListItem\",\"position\":2,\"name\":\"Ruta de 4 d\u00edas en Menorca\"}]},{\"@type\":\"WebSite\",\"@id\":\"https:\/\/nelvaresort.com\/#website\",\"url\":\"https:\/\/nelvaresort.com\/\",\"name\":\"Aparthotel en Menorca | Nelva Resort\",\"description\":\"Apartamentos en Menorca al mejor precio. Aparthotel ubicado en la playa de Cala\u2019n Porter de Menorca. Reserva aqu\u00ed.\",\"publisher\":{\"@id\":\"https:\/\/nelvaresort.com\/#organization\"},\"potentialAction\":[{\"@type\":\"SearchAction\",\"target\":{\"@type\":\"EntryPoint\",\"urlTemplate\":\"https:\/\/nelvaresort.com\/?s={search_term_string}\"},\"query-input\":{\"@type\":\"PropertyValueSpecification\",\"valueRequired\":true,\"valueName\":\"search_term_string\"}}],\"inLanguage\":\"ca\"},{\"@type\":\"Organization\",\"@id\":\"https:\/\/nelvaresort.com\/#organization\",\"name\":\"Aparthotel en Menorca | Nelva Resort\",\"url\":\"https:\/\/nelvaresort.com\/\",\"logo\":{\"@type\":\"ImageObject\",\"inLanguage\":\"ca\",\"@id\":\"https:\/\/nelvaresort.com\/#\/schema\/logo\/image\/\",\"url\":\"https:\/\/nelvaresort.com\/wp-content\/uploads\/2023\/06\/nelva-resort-logo.png\",\"contentUrl\":\"https:\/\/nelvaresort.com\/wp-content\/uploads\/2023\/06\/nelva-resort-logo.png\",\"width\":709,\"height\":709,\"caption\":\"Aparthotel en Menorca | Nelva Resort\"},\"image\":{\"@id\":\"https:\/\/nelvaresort.com\/#\/schema\/logo\/image\/\"},\"sameAs\":[\"https:\/\/www.facebook.com\/NelvaResortMenorca\",\"https:\/\/www.instagram.com\/nelvaresortmenorca\/\"]},{\"@type\":\"Person\",\"@id\":\"https:\/\/nelvaresort.com\/#\/schema\/person\/2e2c82831605b5d1dc065c510182b7ef\",\"name\":\"LittHotels\",\"image\":{\"@type\":\"ImageObject\",\"inLanguage\":\"ca\",\"@id\":\"https:\/\/nelvaresort.com\/#\/schema\/person\/image\/\",\"url\":\"https:\/\/nelvaresort.com\/wp-content\/litespeed\/avatar\/f3cbe4ac27ac09ddf4fbb6c176eac63f.jpg?ver=1777578004\",\"contentUrl\":\"https:\/\/nelvaresort.com\/wp-content\/litespeed\/avatar\/f3cbe4ac27ac09ddf4fbb6c176eac63f.jpg?ver=1777578004\",\"caption\":\"LittHotels\"}}]}<\/script>\n<!-- \/ Yoast SEO plugin. -->","yoast_head_json":{"title":"Ruta de 4 dies a Menorca | Aparthotel a Menorca","description":"Planifica la teva ruta de 4 dies a Menorca: platges, pobles, fars i llocs imprescindibles per gaudir de l&#039;illa al m\u00e0xim durant la teva estada a Nelva Resort.","robots":{"index":"index","follow":"follow","max-snippet":"max-snippet:-1","max-image-preview":"max-image-preview:large","max-video-preview":"max-video-preview:-1"},"canonical":"https:\/\/nelvaresort.com\/ca\/ruta-de-4-dias-en-menorca\/","og_locale":"ca_ES","og_type":"article","og_title":"Ruta de 4 d\u00edas en Menorca | Aparthotel en Menorca","og_description":"Planifica tu ruta de 4 d\u00edas en Menorca: playas, pueblos, faros y lugares imprescindibles para disfrutar la isla al m\u00e1ximo durante tu estancia en Nelva Resort.","og_url":"https:\/\/nelvaresort.com\/ca\/ruta-de-4-dias-en-menorca\/","og_site_name":"Nelva Resort | Apartamentos en Menorca | Web Oficial","article_publisher":"https:\/\/www.facebook.com\/NelvaResortMenorca","article_published_time":"2024-02-20T18:52:02+00:00","article_modified_time":"2025-12-04T15:46:29+00:00","og_image":[{"width":1024,"height":683,"url":"https:\/\/nelvaresort.com\/wp-content\/uploads\/2024\/02\/covadenxoroi01.jpg","type":"image\/jpeg"}],"author":"LittHotels","twitter_card":"summary_large_image","twitter_misc":{"Escrit per":"LittHotels","Temps estimat de lectura":"5 minuts"},"schema":{"@context":"https:\/\/schema.org","@graph":[{"@type":"Article","@id":"https:\/\/nelvaresort.com\/ruta-de-4-dias-en-menorca\/#article","isPartOf":{"@id":"https:\/\/nelvaresort.com\/ruta-de-4-dias-en-menorca\/"},"author":{"name":"LittHotels","@id":"https:\/\/nelvaresort.com\/#\/schema\/person\/2e2c82831605b5d1dc065c510182b7ef"},"headline":"Ruta de 4 d\u00edas en Menorca","datePublished":"2024-02-20T18:52:02+00:00","dateModified":"2025-12-04T15:46:29+00:00","mainEntityOfPage":{"@id":"https:\/\/nelvaresort.com\/ruta-de-4-dias-en-menorca\/"},"wordCount":478,"publisher":{"@id":"https:\/\/nelvaresort.com\/#organization"},"image":{"@id":"https:\/\/nelvaresort.com\/ruta-de-4-dias-en-menorca\/#primaryimage"},"thumbnailUrl":"https:\/\/nelvaresort.com\/wp-content\/uploads\/2024\/02\/covadenxoroi01.jpg","articleSection":["Turismo por Menorca"],"inLanguage":"ca"},{"@type":"WebPage","@id":"https:\/\/nelvaresort.com\/ruta-de-4-dias-en-menorca\/","url":"https:\/\/nelvaresort.com\/ruta-de-4-dias-en-menorca\/","name":"Ruta de 4 dies a Menorca | Aparthotel a Menorca","isPartOf":{"@id":"https:\/\/nelvaresort.com\/#website"},"primaryImageOfPage":{"@id":"https:\/\/nelvaresort.com\/ruta-de-4-dias-en-menorca\/#primaryimage"},"image":{"@id":"https:\/\/nelvaresort.com\/ruta-de-4-dias-en-menorca\/#primaryimage"},"thumbnailUrl":"https:\/\/nelvaresort.com\/wp-content\/uploads\/2024\/02\/covadenxoroi01.jpg","datePublished":"2024-02-20T18:52:02+00:00","dateModified":"2025-12-04T15:46:29+00:00","description":"Planifica la teva ruta de 4 dies a Menorca: platges, pobles, fars i llocs imprescindibles per gaudir de l&#039;illa al m\u00e0xim durant la teva estada a Nelva Resort.","breadcrumb":{"@id":"https:\/\/nelvaresort.com\/ruta-de-4-dias-en-menorca\/#breadcrumb"},"inLanguage":"ca","potentialAction":[{"@type":"ReadAction","target":["https:\/\/nelvaresort.com\/ruta-de-4-dias-en-menorca\/"]}]},{"@type":"ImageObject","inLanguage":"ca","@id":"https:\/\/nelvaresort.com\/ruta-de-4-dias-en-menorca\/#primaryimage","url":"https:\/\/nelvaresort.com\/wp-content\/uploads\/2024\/02\/covadenxoroi01.jpg","contentUrl":"https:\/\/nelvaresort.com\/wp-content\/uploads\/2024\/02\/covadenxoroi01.jpg","width":1024,"height":683},{"@type":"BreadcrumbList","@id":"https:\/\/nelvaresort.com\/ruta-de-4-dias-en-menorca\/#breadcrumb","itemListElement":[{"@type":"ListItem","position":1,"name":"Portada","item":"https:\/\/nelvaresort.com\/"},{"@type":"ListItem","position":2,"name":"Ruta de 4 d\u00edas en Menorca"}]},{"@type":"WebSite","@id":"https:\/\/nelvaresort.com\/#website","url":"https:\/\/nelvaresort.com\/","name":"Apartahotel a Menorca | Nelva Resort","description":"Apartaments a Menorca al millor preu. Aparthotel ubicat a la platja de Cala&#039;n Porter de Menorca. Reserva aqu\u00ed.","publisher":{"@id":"https:\/\/nelvaresort.com\/#organization"},"potentialAction":[{"@type":"SearchAction","target":{"@type":"EntryPoint","urlTemplate":"https:\/\/nelvaresort.com\/?s={search_term_string}"},"query-input":{"@type":"PropertyValueSpecification","valueRequired":true,"valueName":"search_term_string"}}],"inLanguage":"ca"},{"@type":"Organization","@id":"https:\/\/nelvaresort.com\/#organization","name":"Apartahotel a Menorca | Nelva Resort","url":"https:\/\/nelvaresort.com\/","logo":{"@type":"ImageObject","inLanguage":"ca","@id":"https:\/\/nelvaresort.com\/#\/schema\/logo\/image\/","url":"https:\/\/nelvaresort.com\/wp-content\/uploads\/2023\/06\/nelva-resort-logo.png","contentUrl":"https:\/\/nelvaresort.com\/wp-content\/uploads\/2023\/06\/nelva-resort-logo.png","width":709,"height":709,"caption":"Aparthotel en Menorca | Nelva Resort"},"image":{"@id":"https:\/\/nelvaresort.com\/#\/schema\/logo\/image\/"},"sameAs":["https:\/\/www.facebook.com\/NelvaResortMenorca","https:\/\/www.instagram.com\/nelvaresortmenorca\/"]},{"@type":"Person","@id":"https:\/\/nelvaresort.com\/#\/schema\/person\/2e2c82831605b5d1dc065c510182b7ef","name":"LittHotels","image":{"@type":"ImageObject","inLanguage":"ca","@id":"https:\/\/nelvaresort.com\/#\/schema\/person\/image\/","url":"https:\/\/nelvaresort.com\/wp-content\/litespeed\/avatar\/f3cbe4ac27ac09ddf4fbb6c176eac63f.jpg?ver=1777578004","contentUrl":"https:\/\/nelvaresort.com\/wp-content\/litespeed\/avatar\/f3cbe4ac27ac09ddf4fbb6c176eac63f.jpg?ver=1777578004","caption":"LittHotels"}}]}},"_links":{"self":[{"href":"https:\/\/nelvaresort.com\/ca\/wp-json\/wp\/v2\/posts\/3695","targetHints":{"allow":["GET"]}}],"collection":[{"href":"https:\/\/nelvaresort.com\/ca\/wp-json\/wp\/v2\/posts"}],"about":[{"href":"https:\/\/nelvaresort.com\/ca\/wp-json\/wp\/v2\/types\/post"}],"author":[{"embeddable":true,"href":"https:\/\/nelvaresort.com\/ca\/wp-json\/wp\/v2\/users\/2"}],"replies":[{"embeddable":true,"href":"https:\/\/nelvaresort.com\/ca\/wp-json\/wp\/v2\/comments?post=3695"}],"version-history":[{"count":4,"href":"https:\/\/nelvaresort.com\/ca\/wp-json\/wp\/v2\/posts\/3695\/revisions"}],"predecessor-version":[{"id":4371,"href":"https:\/\/nelvaresort.com\/ca\/wp-json\/wp\/v2\/posts\/3695\/revisions\/4371"}],"wp:featuredmedia":[{"embeddable":true,"href":"https:\/\/nelvaresort.com\/ca\/wp-json\/wp\/v2\/media\/3706"}],"wp:attachment":[{"href":"https:\/\/nelvaresort.com\/ca\/wp-json\/wp\/v2\/media?parent=3695"}],"wp:term":[{"taxonomy":"category","embeddable":true,"href":"https:\/\/nelvaresort.com\/ca\/wp-json\/wp\/v2\/categories?post=3695"},{"taxonomy":"post_tag","embeddable":true,"href":"https:\/\/nelvaresort.com\/ca\/wp-json\/wp\/v2\/tags?post=3695"}],"curies":[{"name":"wp","href":"https:\/\/api.w.org\/{rel}","templated":true}]}}