{"id":3469,"date":"2023-09-21T14:36:26","date_gmt":"2023-09-21T14:36:26","guid":{"rendered":"https:\/\/nelvaresort.com\/?p=3469"},"modified":"2025-12-04T15:50:46","modified_gmt":"2025-12-04T15:50:46","slug":"que-ver-en-ciutadella","status":"publish","type":"post","link":"https:\/\/nelvaresort.com\/ca\/que-ver-en-ciutadella\/","title":{"rendered":"Qu\u00e8 veure a Ciutadella"},"content":{"rendered":"<h1 class=\"wp-block-heading\">Qu\u00e8 veure a Ciutadella<\/h1>\n\n\n\n<p>A la part occidental de\u00a0<strong>Menorca<\/strong>\u00a0podem trobar\u00a0<strong>Ciutadella<\/strong>, la\u00a0<strong>segona ciutat m\u00e9s gran de l&#039;illa<\/strong>. Una bellesa que est\u00e0s obligat a descobrir si aquest estiu viatges a Menorca. Des de l\u00b4aparthotel\u00a0<a href=\"https:\/\/nelvaresort.com\/ca\/\">Nelva Resort<\/a>, us recomanem qu\u00e8 veure a Ciutadella.<\/p>\n\n\n\n<figure class=\"wp-block-image\"><img decoding=\"async\" src=\"https:\/\/lh6.googleusercontent.com\/Vs6mXv0SXOm9bspv_62Iir14hv82stJCE5kJ7PRk8lEp-AJziBZ4oE656IVmj9NHe-CVy-g-3GyjV9mAuZq0Fq3DYHcpOgoFkqnrTTmkECC_UkODNcLlATPcWpiY8n5ilJsvS2b9ubuX4T5mlw\" alt=\"Qu\u00e8 veure a Ciutadella\"\/><\/figure>\n\n\n\n<h2 class=\"wp-block-heading\">La hist\u00f2ria de Ciutadella<\/h2>\n\n\n\n<p>Aquesta ciutat portu\u00e0ria t\u00e9 una gran hist\u00f2ria! Pots perdre&#039;t passejant pels seus carrers medievals on podr\u00e0s visitar els seus&nbsp;<strong>palaus, l&#039;esgl\u00e9sia i la fortalesa<\/strong>&nbsp;que envolta el port. Tamb\u00e9 compta amb&nbsp;<strong>monuments hist\u00f2rics del 2000 a. C.<\/strong>&nbsp;Tot aix\u00f2 converteix Ciutadella no nom\u00e9s en una bonica ciutat, sin\u00f3 tamb\u00e9 en un&nbsp;<strong>museu a l&#039;aire lliure.<\/strong><\/p>\n\n\n\n<figure class=\"wp-block-image\"><img decoding=\"async\" src=\"https:\/\/lh3.googleusercontent.com\/stJVtX6nIBExx5aBwxE-uygp0MQceRHVd1P-V6qluztAdnGUaLbLSYgk31g4vLQE_V9sNHyGzWcIqLoKq9xFZ9dwQB50JOhV5R6RLw7iK33EuOaR6kfmLcDTL9sMnPdK4MPVHhEWL0UwzJEHdg\" alt=\"Ciutadella Menorca\"\/><\/figure>\n\n\n\n<h3 class=\"wp-block-heading\">Llocs que has de visitar per descobrir Ciutadella<\/h3>\n\n\n\n<p>Al nucli antic de la ciutat podem trobar els llocs m\u00e9s cridaners per visitar. Un bon comen\u00e7ament pot ser a la&nbsp;<strong>Pla\u00e7a des Born<\/strong>, una estupenda pla\u00e7a amb&nbsp;<strong>un gran obelisc al mig<\/strong>, commemorant la grandiosa defensa de la ciutat davant l&#039;atac dels turcs l&#039;any 1558. Tamb\u00e9 \u00e9s en aquesta pla\u00e7a on se celebra la t\u00edpica&nbsp;<strong>festa de Sant Joan<\/strong>, el 24 de juny.&nbsp;<\/p>\n\n\n\n<figure class=\"wp-block-image\"><img decoding=\"async\" src=\"https:\/\/lh6.googleusercontent.com\/pDmfbqKuUK3yl-d2dWSKspN3ASjnQT2IsxJ6y4jzbJhC6N-XqNr_PZ8m7QfMy0ryspjCDyUUwRgId5nAPoELWqQleWgBjMIjsBioNmU60UoqU7QhhcFrWgud3DykbCs_kpw7XvITeTb7eeFMYA\" alt=\"Pla\u00e7a des Born\"\/><\/figure>\n\n\n\n<p>No gaire lluny podem trobar&nbsp;<strong>altres petites joies<\/strong>, com l&#039;ajuntament de Ciutadella, el Palau Salort, el castell de Sant Nicolau i la catedral de Santa Maria, l&#039;edifici g\u00f2tic de m\u00e9s import\u00e0ncia de tota l&#039;illa.&nbsp;<\/p>\n\n\n\n<figure class=\"wp-block-image\"><img decoding=\"async\" src=\"https:\/\/lh4.googleusercontent.com\/8CXFf44HiPspoGqhsMdEm1yxuf5EHfEO5K3PuLN2uSSv5vxYJjJ23XOKK9jRUNBfdLGSqoNUo2jkTx2hF2EEDCBPG-mqVbAQO9QBJhRbggVO9ILeX5CMDiEddw38xxhuXivHIvNvbw5nnTbk9w\" alt=\"catedral de ciutadella\"\/><\/figure>\n\n\n\n<ul class=\"wp-block-list\">\n<li><strong>El port de Ciutadella<\/strong><\/li>\n<\/ul>\n\n\n\n<p>No podem dir que hem visitat la ciutat si no passem pel&nbsp;<strong>port<\/strong>, el&nbsp;<strong>focus gastron\u00f2mic i de lleure<\/strong>&nbsp;m\u00e9s important de Ciutadella. I si les condicions atmosf\u00e8riques ho permeten, i nom\u00e9s durant l&#039;estiu, podrem veure&nbsp;<strong>la rissaga<\/strong>. Es tracta d&#039;un&nbsp;<strong>fenomen natural<\/strong>&nbsp;en qu\u00e8&nbsp;<strong>el mar oscil\u00b7la de manera brusca<\/strong>&nbsp;en poc temps, causant que el nivell dels vaixells pugi de forma sobtada. Per sort, el port compta amb un dic per evitar inundacions i destrosses.<\/p>\n\n\n\n<figure class=\"wp-block-image\"><img decoding=\"async\" src=\"https:\/\/lh3.googleusercontent.com\/9JO4lj9rph3EcpKVglapb6YeQyhJ8SAm4xEVG_lyWNb7PYuMlvKRkku_BDeU44zDCZytUyyM-lfg-qe2QHG1eCMKQvK0ttoGjNCVVwjb2DgsLz-nGdKDJOFwOKkCpvzD3-ylJeOkCv0_TinM4g\" alt=\"port de ciutadella\"\/><\/figure>\n\n\n\n<p>Sens dubte, Ciutadella ofereix una gran quantitat de llocs per visitar. I en ella no nom\u00e9s descobrir\u00e0s la seva hist\u00f2ria, tamb\u00e9 gaudir\u00e0s del magn\u00edfic ambient que es viu a la ciutat, sobretot de nit. \u00c9s rom\u00e0ntica, neta, agradable, coqueta\u2026 val molt la pena caminar pels carrers i con\u00e8ixer la seva gent!&nbsp;<\/p>\n\n\n\n<p>Si necessites m\u00e9s informaci\u00f3 sobre Ciutadella o Menorca, a l&#039;hotel Nelva Resort et podem ajudar! Nom\u00e9s has de fer clic&nbsp;<a href=\"https:\/\/nelvaresort.com\/ca\/\"><strong>aqu\u00ed<\/strong><\/a>.<\/p>","protected":false},"excerpt":{"rendered":"<p>Qu\u00e9 ver en Ciutadella En la parte occidental de\u00a0Menorca\u00a0podemos encontrar\u00a0Ciutadella, la\u00a0segunda ciudad m\u00e1s grande de la isla. Una belleza que est\u00e1s obligado a descubrir si este verano viajas a Menorca. Desde el aparthotel\u00a0Nelva Resort, os recomendamos qu\u00e9 ver en Ciutadella. La historia de Ciutadella \u00a1Esta ciudad portuaria tiene una gran historia! Puedes perderte paseando por [&hellip;]<\/p>\n","protected":false},"author":2,"featured_media":3339,"comment_status":"closed","ping_status":"closed","sticky":false,"template":"","format":"standard","meta":{"site-sidebar-layout":"default","site-content-layout":"","ast-site-content-layout":"default","site-content-style":"default","site-sidebar-style":"default","ast-global-header-display":"","ast-banner-title-visibility":"","ast-main-header-display":"","ast-hfb-above-header-display":"","ast-hfb-below-header-display":"","ast-hfb-mobile-header-display":"","site-post-title":"disabled","ast-breadcrumbs-content":"","ast-featured-img":"disabled","footer-sml-layout":"","theme-transparent-header-meta":"","adv-header-id-meta":"","stick-header-meta":"","header-above-stick-meta":"","header-main-stick-meta":"","header-below-stick-meta":"","astra-migrate-meta-layouts":"set","ast-page-background-enabled":"default","ast-page-background-meta":{"desktop":{"background-color":"","background-image":"","background-repeat":"repeat","background-position":"center center","background-size":"auto","background-attachment":"scroll","background-type":"","background-media":"","overlay-type":"","overlay-color":"","overlay-opacity":"","overlay-gradient":""},"tablet":{"background-color":"","background-image":"","background-repeat":"repeat","background-position":"center center","background-size":"auto","background-attachment":"scroll","background-type":"","background-media":"","overlay-type":"","overlay-color":"","overlay-opacity":"","overlay-gradient":""},"mobile":{"background-color":"","background-image":"","background-repeat":"repeat","background-position":"center center","background-size":"auto","background-attachment":"scroll","background-type":"","background-media":"","overlay-type":"","overlay-color":"","overlay-opacity":"","overlay-gradient":""}},"ast-content-background-meta":{"desktop":{"background-color":"var(--ast-global-color-5)","background-image":"","background-repeat":"repeat","background-position":"center center","background-size":"auto","background-attachment":"scroll","background-type":"","background-media":"","overlay-type":"","overlay-color":"","overlay-opacity":"","overlay-gradient":""},"tablet":{"background-color":"var(--ast-global-color-5)","background-image":"","background-repeat":"repeat","background-position":"center center","background-size":"auto","background-attachment":"scroll","background-type":"","background-media":"","overlay-type":"","overlay-color":"","overlay-opacity":"","overlay-gradient":""},"mobile":{"background-color":"var(--ast-global-color-5)","background-image":"","background-repeat":"repeat","background-position":"center center","background-size":"auto","background-attachment":"scroll","background-type":"","background-media":"","overlay-type":"","overlay-color":"","overlay-opacity":"","overlay-gradient":""}},"footnotes":""},"categories":[45],"tags":[],"class_list":["post-3469","post","type-post","status-publish","format-standard","has-post-thumbnail","hentry","category-turismo-por-menorca"],"yoast_head":"<!-- This site is optimized with the Yoast SEO plugin v26.6 - https:\/\/yoast.com\/wordpress\/plugins\/seo\/ -->\n<title>Qu\u00e9 ver en Ciutadella | Aparthotel en Menorca<\/title>\n<meta name=\"description\" content=\"Descubre qu\u00e9 ver en Ciutadella: casco hist\u00f3rico, catedral, puerto, mercados y rincones con encanto para disfrutar una de las ciudades m\u00e1s bonitas de Menorca.\" \/>\n<meta name=\"robots\" content=\"index, follow, max-snippet:-1, max-image-preview:large, max-video-preview:-1\" \/>\n<link rel=\"canonical\" href=\"https:\/\/nelvaresort.com\/ca\/que-ver-en-ciutadella\/\" \/>\n<meta property=\"og:locale\" content=\"ca_ES\" \/>\n<meta property=\"og:type\" content=\"article\" \/>\n<meta property=\"og:title\" content=\"Qu\u00e9 ver en Ciutadella | Aparthotel en Menorca\" \/>\n<meta property=\"og:description\" content=\"Descubre qu\u00e9 ver en Ciutadella: casco hist\u00f3rico, catedral, puerto, mercados y rincones con encanto para disfrutar una de las ciudades m\u00e1s bonitas de Menorca.\" \/>\n<meta property=\"og:url\" content=\"https:\/\/nelvaresort.com\/ca\/que-ver-en-ciutadella\/\" \/>\n<meta property=\"og:site_name\" content=\"Nelva Resort | Apartamentos en Menorca | Web Oficial\" \/>\n<meta property=\"article:publisher\" content=\"https:\/\/www.facebook.com\/NelvaResortMenorca\" \/>\n<meta property=\"article:published_time\" content=\"2023-09-21T14:36:26+00:00\" \/>\n<meta property=\"article:modified_time\" content=\"2025-12-04T15:50:46+00:00\" \/>\n<meta property=\"og:image\" content=\"https:\/\/nelvaresort.com\/wp-content\/uploads\/2023\/09\/Cales-Fonts-Es-Castell-Menorca-2-1024x526-1.webp\" \/>\n\t<meta property=\"og:image:width\" content=\"1024\" \/>\n\t<meta property=\"og:image:height\" content=\"526\" \/>\n\t<meta property=\"og:image:type\" content=\"image\/webp\" \/>\n<meta name=\"author\" content=\"LittHotels\" \/>\n<meta name=\"twitter:card\" content=\"summary_large_image\" \/>\n<meta name=\"twitter:label1\" content=\"Escrit per\" \/>\n\t<meta name=\"twitter:data1\" content=\"LittHotels\" \/>\n\t<meta name=\"twitter:label2\" content=\"Temps estimat de lectura\" \/>\n\t<meta name=\"twitter:data2\" content=\"3 minuts\" \/>\n<script type=\"application\/ld+json\" class=\"yoast-schema-graph\">{\"@context\":\"https:\/\/schema.org\",\"@graph\":[{\"@type\":\"Article\",\"@id\":\"https:\/\/nelvaresort.com\/que-ver-en-ciutadella\/#article\",\"isPartOf\":{\"@id\":\"https:\/\/nelvaresort.com\/que-ver-en-ciutadella\/\"},\"author\":{\"name\":\"LittHotels\",\"@id\":\"https:\/\/nelvaresort.com\/#\/schema\/person\/2e2c82831605b5d1dc065c510182b7ef\"},\"headline\":\"Qu\u00e9 ver en Ciutadella\",\"datePublished\":\"2023-09-21T14:36:26+00:00\",\"dateModified\":\"2025-12-04T15:50:46+00:00\",\"mainEntityOfPage\":{\"@id\":\"https:\/\/nelvaresort.com\/que-ver-en-ciutadella\/\"},\"wordCount\":425,\"publisher\":{\"@id\":\"https:\/\/nelvaresort.com\/#organization\"},\"image\":{\"@id\":\"https:\/\/nelvaresort.com\/que-ver-en-ciutadella\/#primaryimage\"},\"thumbnailUrl\":\"https:\/\/nelvaresort.com\/wp-content\/uploads\/2023\/09\/Cales-Fonts-Es-Castell-Menorca-2-1024x526-1.webp\",\"articleSection\":[\"Turismo por Menorca\"],\"inLanguage\":\"ca\"},{\"@type\":\"WebPage\",\"@id\":\"https:\/\/nelvaresort.com\/que-ver-en-ciutadella\/\",\"url\":\"https:\/\/nelvaresort.com\/que-ver-en-ciutadella\/\",\"name\":\"Qu\u00e9 ver en Ciutadella | Aparthotel en Menorca\",\"isPartOf\":{\"@id\":\"https:\/\/nelvaresort.com\/#website\"},\"primaryImageOfPage\":{\"@id\":\"https:\/\/nelvaresort.com\/que-ver-en-ciutadella\/#primaryimage\"},\"image\":{\"@id\":\"https:\/\/nelvaresort.com\/que-ver-en-ciutadella\/#primaryimage\"},\"thumbnailUrl\":\"https:\/\/nelvaresort.com\/wp-content\/uploads\/2023\/09\/Cales-Fonts-Es-Castell-Menorca-2-1024x526-1.webp\",\"datePublished\":\"2023-09-21T14:36:26+00:00\",\"dateModified\":\"2025-12-04T15:50:46+00:00\",\"description\":\"Descubre qu\u00e9 ver en Ciutadella: casco hist\u00f3rico, catedral, puerto, mercados y rincones con encanto para disfrutar una de las ciudades m\u00e1s bonitas de Menorca.\",\"breadcrumb\":{\"@id\":\"https:\/\/nelvaresort.com\/que-ver-en-ciutadella\/#breadcrumb\"},\"inLanguage\":\"ca\",\"potentialAction\":[{\"@type\":\"ReadAction\",\"target\":[\"https:\/\/nelvaresort.com\/que-ver-en-ciutadella\/\"]}]},{\"@type\":\"ImageObject\",\"inLanguage\":\"ca\",\"@id\":\"https:\/\/nelvaresort.com\/que-ver-en-ciutadella\/#primaryimage\",\"url\":\"https:\/\/nelvaresort.com\/wp-content\/uploads\/2023\/09\/Cales-Fonts-Es-Castell-Menorca-2-1024x526-1.webp\",\"contentUrl\":\"https:\/\/nelvaresort.com\/wp-content\/uploads\/2023\/09\/Cales-Fonts-Es-Castell-Menorca-2-1024x526-1.webp\",\"width\":1024,\"height\":526},{\"@type\":\"BreadcrumbList\",\"@id\":\"https:\/\/nelvaresort.com\/que-ver-en-ciutadella\/#breadcrumb\",\"itemListElement\":[{\"@type\":\"ListItem\",\"position\":1,\"name\":\"Portada\",\"item\":\"https:\/\/nelvaresort.com\/\"},{\"@type\":\"ListItem\",\"position\":2,\"name\":\"Qu\u00e9 ver en Ciutadella\"}]},{\"@type\":\"WebSite\",\"@id\":\"https:\/\/nelvaresort.com\/#website\",\"url\":\"https:\/\/nelvaresort.com\/\",\"name\":\"Aparthotel en Menorca | Nelva Resort\",\"description\":\"Apartamentos en Menorca al mejor precio. Aparthotel ubicado en la playa de Cala\u2019n Porter de Menorca. Reserva aqu\u00ed.\",\"publisher\":{\"@id\":\"https:\/\/nelvaresort.com\/#organization\"},\"potentialAction\":[{\"@type\":\"SearchAction\",\"target\":{\"@type\":\"EntryPoint\",\"urlTemplate\":\"https:\/\/nelvaresort.com\/?s={search_term_string}\"},\"query-input\":{\"@type\":\"PropertyValueSpecification\",\"valueRequired\":true,\"valueName\":\"search_term_string\"}}],\"inLanguage\":\"ca\"},{\"@type\":\"Organization\",\"@id\":\"https:\/\/nelvaresort.com\/#organization\",\"name\":\"Aparthotel en Menorca | Nelva Resort\",\"url\":\"https:\/\/nelvaresort.com\/\",\"logo\":{\"@type\":\"ImageObject\",\"inLanguage\":\"ca\",\"@id\":\"https:\/\/nelvaresort.com\/#\/schema\/logo\/image\/\",\"url\":\"https:\/\/nelvaresort.com\/wp-content\/uploads\/2023\/06\/nelva-resort-logo.png\",\"contentUrl\":\"https:\/\/nelvaresort.com\/wp-content\/uploads\/2023\/06\/nelva-resort-logo.png\",\"width\":709,\"height\":709,\"caption\":\"Aparthotel en Menorca | Nelva Resort\"},\"image\":{\"@id\":\"https:\/\/nelvaresort.com\/#\/schema\/logo\/image\/\"},\"sameAs\":[\"https:\/\/www.facebook.com\/NelvaResortMenorca\",\"https:\/\/www.instagram.com\/nelvaresortmenorca\/\"]},{\"@type\":\"Person\",\"@id\":\"https:\/\/nelvaresort.com\/#\/schema\/person\/2e2c82831605b5d1dc065c510182b7ef\",\"name\":\"LittHotels\",\"image\":{\"@type\":\"ImageObject\",\"inLanguage\":\"ca\",\"@id\":\"https:\/\/nelvaresort.com\/#\/schema\/person\/image\/\",\"url\":\"https:\/\/nelvaresort.com\/wp-content\/litespeed\/avatar\/f3cbe4ac27ac09ddf4fbb6c176eac63f.jpg?ver=1776972264\",\"contentUrl\":\"https:\/\/nelvaresort.com\/wp-content\/litespeed\/avatar\/f3cbe4ac27ac09ddf4fbb6c176eac63f.jpg?ver=1776972264\",\"caption\":\"LittHotels\"}}]}<\/script>\n<!-- \/ Yoast SEO plugin. -->","yoast_head_json":{"title":"Qu\u00e8 veure a Ciutadella | Aparthotel a Menorca","description":"Descobreix qu\u00e8 veure a Ciutadella: nucli hist\u00f2ric, catedral, port, mercats i racons amb encant per gaudir una de les ciutats m\u00e9s boniques de Menorca.","robots":{"index":"index","follow":"follow","max-snippet":"max-snippet:-1","max-image-preview":"max-image-preview:large","max-video-preview":"max-video-preview:-1"},"canonical":"https:\/\/nelvaresort.com\/ca\/que-ver-en-ciutadella\/","og_locale":"ca_ES","og_type":"article","og_title":"Qu\u00e9 ver en Ciutadella | Aparthotel en Menorca","og_description":"Descubre qu\u00e9 ver en Ciutadella: casco hist\u00f3rico, catedral, puerto, mercados y rincones con encanto para disfrutar una de las ciudades m\u00e1s bonitas de Menorca.","og_url":"https:\/\/nelvaresort.com\/ca\/que-ver-en-ciutadella\/","og_site_name":"Nelva Resort | Apartamentos en Menorca | Web Oficial","article_publisher":"https:\/\/www.facebook.com\/NelvaResortMenorca","article_published_time":"2023-09-21T14:36:26+00:00","article_modified_time":"2025-12-04T15:50:46+00:00","og_image":[{"width":1024,"height":526,"url":"https:\/\/nelvaresort.com\/wp-content\/uploads\/2023\/09\/Cales-Fonts-Es-Castell-Menorca-2-1024x526-1.webp","type":"image\/webp"}],"author":"LittHotels","twitter_card":"summary_large_image","twitter_misc":{"Escrit per":"LittHotels","Temps estimat de lectura":"3 minuts"},"schema":{"@context":"https:\/\/schema.org","@graph":[{"@type":"Article","@id":"https:\/\/nelvaresort.com\/que-ver-en-ciutadella\/#article","isPartOf":{"@id":"https:\/\/nelvaresort.com\/que-ver-en-ciutadella\/"},"author":{"name":"LittHotels","@id":"https:\/\/nelvaresort.com\/#\/schema\/person\/2e2c82831605b5d1dc065c510182b7ef"},"headline":"Qu\u00e9 ver en Ciutadella","datePublished":"2023-09-21T14:36:26+00:00","dateModified":"2025-12-04T15:50:46+00:00","mainEntityOfPage":{"@id":"https:\/\/nelvaresort.com\/que-ver-en-ciutadella\/"},"wordCount":425,"publisher":{"@id":"https:\/\/nelvaresort.com\/#organization"},"image":{"@id":"https:\/\/nelvaresort.com\/que-ver-en-ciutadella\/#primaryimage"},"thumbnailUrl":"https:\/\/nelvaresort.com\/wp-content\/uploads\/2023\/09\/Cales-Fonts-Es-Castell-Menorca-2-1024x526-1.webp","articleSection":["Turismo por Menorca"],"inLanguage":"ca"},{"@type":"WebPage","@id":"https:\/\/nelvaresort.com\/que-ver-en-ciutadella\/","url":"https:\/\/nelvaresort.com\/que-ver-en-ciutadella\/","name":"Qu\u00e8 veure a Ciutadella | Aparthotel a Menorca","isPartOf":{"@id":"https:\/\/nelvaresort.com\/#website"},"primaryImageOfPage":{"@id":"https:\/\/nelvaresort.com\/que-ver-en-ciutadella\/#primaryimage"},"image":{"@id":"https:\/\/nelvaresort.com\/que-ver-en-ciutadella\/#primaryimage"},"thumbnailUrl":"https:\/\/nelvaresort.com\/wp-content\/uploads\/2023\/09\/Cales-Fonts-Es-Castell-Menorca-2-1024x526-1.webp","datePublished":"2023-09-21T14:36:26+00:00","dateModified":"2025-12-04T15:50:46+00:00","description":"Descobreix qu\u00e8 veure a Ciutadella: nucli hist\u00f2ric, catedral, port, mercats i racons amb encant per gaudir una de les ciutats m\u00e9s boniques de Menorca.","breadcrumb":{"@id":"https:\/\/nelvaresort.com\/que-ver-en-ciutadella\/#breadcrumb"},"inLanguage":"ca","potentialAction":[{"@type":"ReadAction","target":["https:\/\/nelvaresort.com\/que-ver-en-ciutadella\/"]}]},{"@type":"ImageObject","inLanguage":"ca","@id":"https:\/\/nelvaresort.com\/que-ver-en-ciutadella\/#primaryimage","url":"https:\/\/nelvaresort.com\/wp-content\/uploads\/2023\/09\/Cales-Fonts-Es-Castell-Menorca-2-1024x526-1.webp","contentUrl":"https:\/\/nelvaresort.com\/wp-content\/uploads\/2023\/09\/Cales-Fonts-Es-Castell-Menorca-2-1024x526-1.webp","width":1024,"height":526},{"@type":"BreadcrumbList","@id":"https:\/\/nelvaresort.com\/que-ver-en-ciutadella\/#breadcrumb","itemListElement":[{"@type":"ListItem","position":1,"name":"Portada","item":"https:\/\/nelvaresort.com\/"},{"@type":"ListItem","position":2,"name":"Qu\u00e9 ver en Ciutadella"}]},{"@type":"WebSite","@id":"https:\/\/nelvaresort.com\/#website","url":"https:\/\/nelvaresort.com\/","name":"Apartahotel a Menorca | Nelva Resort","description":"Apartaments a Menorca al millor preu. Aparthotel ubicat a la platja de Cala&#039;n Porter de Menorca. Reserva aqu\u00ed.","publisher":{"@id":"https:\/\/nelvaresort.com\/#organization"},"potentialAction":[{"@type":"SearchAction","target":{"@type":"EntryPoint","urlTemplate":"https:\/\/nelvaresort.com\/?s={search_term_string}"},"query-input":{"@type":"PropertyValueSpecification","valueRequired":true,"valueName":"search_term_string"}}],"inLanguage":"ca"},{"@type":"Organization","@id":"https:\/\/nelvaresort.com\/#organization","name":"Apartahotel a Menorca | Nelva Resort","url":"https:\/\/nelvaresort.com\/","logo":{"@type":"ImageObject","inLanguage":"ca","@id":"https:\/\/nelvaresort.com\/#\/schema\/logo\/image\/","url":"https:\/\/nelvaresort.com\/wp-content\/uploads\/2023\/06\/nelva-resort-logo.png","contentUrl":"https:\/\/nelvaresort.com\/wp-content\/uploads\/2023\/06\/nelva-resort-logo.png","width":709,"height":709,"caption":"Aparthotel en Menorca | Nelva Resort"},"image":{"@id":"https:\/\/nelvaresort.com\/#\/schema\/logo\/image\/"},"sameAs":["https:\/\/www.facebook.com\/NelvaResortMenorca","https:\/\/www.instagram.com\/nelvaresortmenorca\/"]},{"@type":"Person","@id":"https:\/\/nelvaresort.com\/#\/schema\/person\/2e2c82831605b5d1dc065c510182b7ef","name":"LittHotels","image":{"@type":"ImageObject","inLanguage":"ca","@id":"https:\/\/nelvaresort.com\/#\/schema\/person\/image\/","url":"https:\/\/nelvaresort.com\/wp-content\/litespeed\/avatar\/f3cbe4ac27ac09ddf4fbb6c176eac63f.jpg?ver=1776972264","contentUrl":"https:\/\/nelvaresort.com\/wp-content\/litespeed\/avatar\/f3cbe4ac27ac09ddf4fbb6c176eac63f.jpg?ver=1776972264","caption":"LittHotels"}}]}},"_links":{"self":[{"href":"https:\/\/nelvaresort.com\/ca\/wp-json\/wp\/v2\/posts\/3469","targetHints":{"allow":["GET"]}}],"collection":[{"href":"https:\/\/nelvaresort.com\/ca\/wp-json\/wp\/v2\/posts"}],"about":[{"href":"https:\/\/nelvaresort.com\/ca\/wp-json\/wp\/v2\/types\/post"}],"author":[{"embeddable":true,"href":"https:\/\/nelvaresort.com\/ca\/wp-json\/wp\/v2\/users\/2"}],"replies":[{"embeddable":true,"href":"https:\/\/nelvaresort.com\/ca\/wp-json\/wp\/v2\/comments?post=3469"}],"version-history":[{"count":1,"href":"https:\/\/nelvaresort.com\/ca\/wp-json\/wp\/v2\/posts\/3469\/revisions"}],"predecessor-version":[{"id":4320,"href":"https:\/\/nelvaresort.com\/ca\/wp-json\/wp\/v2\/posts\/3469\/revisions\/4320"}],"wp:featuredmedia":[{"embeddable":true,"href":"https:\/\/nelvaresort.com\/ca\/wp-json\/wp\/v2\/media\/3339"}],"wp:attachment":[{"href":"https:\/\/nelvaresort.com\/ca\/wp-json\/wp\/v2\/media?parent=3469"}],"wp:term":[{"taxonomy":"category","embeddable":true,"href":"https:\/\/nelvaresort.com\/ca\/wp-json\/wp\/v2\/categories?post=3469"},{"taxonomy":"post_tag","embeddable":true,"href":"https:\/\/nelvaresort.com\/ca\/wp-json\/wp\/v2\/tags?post=3469"}],"curies":[{"name":"wp","href":"https:\/\/api.w.org\/{rel}","templated":true}]}}